{"id":191796,"date":"2021-12-01T20:05:21","date_gmt":"2021-12-01T23:05:21","guid":{"rendered":"https:\/\/diarioregionaldigital.com.br\/?p=191796"},"modified":"2021-12-01T20:05:21","modified_gmt":"2021-12-01T23:05:21","slug":"festival-paralimpico-mobiliza-70-cidades-brasileiras-neste-sabado","status":"publish","type":"post","link":"https:\/\/diarioregionaldigital.com.br\/?p=191796","title":{"rendered":"Festival Paral\u00edmpico mobiliza 70 cidades brasileiras neste s\u00e1bado"},"content":{"rendered":"<p>A terceira edi\u00e7\u00e3o do Festival Paral\u00edmpico ser\u00e1 realizada neste s\u00e1bado (4), das 8h30 \u00e0s 12h (hor\u00e1rio de Bras\u00edlia), em\u00a0<a href=\"https:\/\/www.cpb.org.br\/upload\/link\/4b0116a72c5b4aa5add36f646fec5a8b.pdf\">70 cidades<\/a>\u00a0de 25 estados e do Distrito Federal. O evento organizado pelo Comit\u00ea Paral\u00edmpico Brasileiro (CPB) proporciona a experimenta\u00e7\u00e3o de esportes paral\u00edmpicos a jovens de oito a 17 anos com, ou sem, defici\u00eancias f\u00edsico-motoras, visuais ou intelectuais.<img decoding=\"async\" src=\"https:\/\/agenciabrasil.ebc.com.br\/ebc.png?id=1429955&amp;o=node\" \/><img decoding=\"async\" src=\"https:\/\/agenciabrasil.ebc.com.br\/ebc.gif?id=1429955&amp;o=node\" \/><\/p>\n<p>Cada sede oferecer\u00e1 tr\u00eas modalidades para serem experimentadas, como goalball (voltado a pessoas com defici\u00eancia visual), bocha (praticado por atletas com paralisia cerebral severa ou les\u00f5es medulares), v\u00f4lei sentado e parabadminton. A ideia \u00e9 que os materiais utilizados nas pr\u00e1ticas sejam adaptados e sirvam de exemplo para que professores de escolas regulares integrem alunos com alguma comorbidade \u00e0s atividades esportivas.<\/p>\n<p>\u201cSe voc\u00ea tem uma bola normal e a envolve em um saco pl\u00e1stico consegue simular uma bola de goalball e fazer uma atividade inclusiva. Muitos alunos com defici\u00eancia s\u00e3o dispensados de aulas de Educa\u00e7\u00e3o F\u00edsica por falta de informa\u00e7\u00e3o dos ministrantes\u201d, disse Ramon Pereira, coordenador de Desporto Escolar do CPB, em setembro, \u00e0\u00a0<strong>Ag\u00eancia Brasil<\/strong>.<\/p>\n<p>A expectativa do Comit\u00ea \u00e9 que a presen\u00e7a de crian\u00e7as e adolescentes com defici\u00eancia intelectual seja recorde. Segundo a entidade, at\u00e9 o in\u00edcio de dezembro eles representavam cerca de 45% dos inscritos para o evento, ante 15,4% de participantes com defici\u00eancia f\u00edsica, 10,8% com autismo e 4,7% com defici\u00eancia visual.<\/p>\n<p>Normalmente realizado em 22 de setembro, Dia Nacional do Atleta Paral\u00edmpico, o Festival foi adiado por causa da pandemia do novo coronav\u00edrus (covid-19), sendo remarcado na sequ\u00eancia do Dia Internacional da Pessoa com Defici\u00eancia, celebrado nesta sexta-feira (3). A primeira edi\u00e7\u00e3o ocorreu em 2018 e reuniu cerca de sete mil crian\u00e7as e adolescentes em 48 cidades. Em 2019, mais de dez mil jovens foram mobilizados em 70 sedes. No ano passado n\u00e3o houve evento por conta da pandemia.<\/p>\n<p><span style=\"font-weight: 400;\">Fonte: Ag\u00eancia Brasil <\/span><\/p>\n","protected":false},"excerpt":{"rendered":"<p>A terceira edi\u00e7\u00e3o do Festival Paral\u00edmpico ser\u00e1 realizada neste s\u00e1bado (4), das 8h30 \u00e0s 12h (hor\u00e1rio de Bras\u00edlia), em\u00a070 cidades\u00a0de 25 estados e do Distrito Federal. O evento organizado pelo Comit\u00ea Paral\u00edmpico Brasileiro (CPB) proporciona a experimenta\u00e7\u00e3o de esportes paral\u00edmpicos a jovens de oito a 17 anos com, ou sem, defici\u00eancias f\u00edsico-motoras, visuais ou intelectuais. [&hellip;]<\/p>\n","protected":false},"author":246,"featured_media":191797,"comment_status":"closed","ping_status":"closed","sticky":false,"template":"","format":"standard","meta":{"footnotes":""},"categories":[436,257],"tags":[],"class_list":["post-191796","post","type-post","status-publish","format-standard","has-post-thumbnail","hentry","category-destaque-da-semana","category-esporte"],"_links":{"self":[{"href":"https:\/\/diarioregionaldigital.com.br\/index.php?rest_route=\/wp\/v2\/posts\/191796","targetHints":{"allow":["GET"]}}],"collection":[{"href":"https:\/\/diarioregionaldigital.com.br\/index.php?rest_route=\/wp\/v2\/posts"}],"about":[{"href":"https:\/\/diarioregionaldigital.com.br\/index.php?rest_route=\/wp\/v2\/types\/post"}],"author":[{"embeddable":true,"href":"https:\/\/diarioregionaldigital.com.br\/index.php?rest_route=\/wp\/v2\/users\/246"}],"replies":[{"embeddable":true,"href":"https:\/\/diarioregionaldigital.com.br\/index.php?rest_route=%2Fwp%2Fv2%2Fcomments&post=191796"}],"version-history":[{"count":1,"href":"https:\/\/diarioregionaldigital.com.br\/index.php?rest_route=\/wp\/v2\/posts\/191796\/revisions"}],"predecessor-version":[{"id":191798,"href":"https:\/\/diarioregionaldigital.com.br\/index.php?rest_route=\/wp\/v2\/posts\/191796\/revisions\/191798"}],"wp:featuredmedia":[{"embeddable":true,"href":"https:\/\/diarioregionaldigital.com.br\/index.php?rest_route=\/wp\/v2\/media\/191797"}],"wp:attachment":[{"href":"https:\/\/diarioregionaldigital.com.br\/index.php?rest_route=%2Fwp%2Fv2%2Fmedia&parent=191796"}],"wp:term":[{"taxonomy":"category","embeddable":true,"href":"https:\/\/diarioregionaldigital.com.br\/index.php?rest_route=%2Fwp%2Fv2%2Fcategories&post=191796"},{"taxonomy":"post_tag","embeddable":true,"href":"https:\/\/diarioregionaldigital.com.br\/index.php?rest_route=%2Fwp%2Fv2%2Ftags&post=191796"}],"curies":[{"name":"wp","href":"https:\/\/api.w.org\/{rel}","templated":true}]}}