{"id":191790,"date":"2021-12-01T19:55:41","date_gmt":"2021-12-01T22:55:41","guid":{"rendered":"https:\/\/diarioregionaldigital.com.br\/?p=191790"},"modified":"2021-12-01T19:55:41","modified_gmt":"2021-12-01T22:55:41","slug":"emater-mg-orienta-produtor-no-tratamento-adequado-de-dejetos-suinos-em-itabirinha","status":"publish","type":"post","link":"https:\/\/diarioregionaldigital.com.br\/?p=191790","title":{"rendered":"Emater-MG orienta produtor no tratamento adequado de dejetos su\u00ednos em Itabirinha"},"content":{"rendered":"<p>O produtor rural Ant\u00f4nio Cardoso, do munic\u00edpio de Itabirinha, no Leste de Minas, estava insatisfeito com a manuten\u00e7\u00e3o de uma cria\u00e7\u00e3o de su\u00ednos em sua propriedade. O maior problema, segundo ele, era como dar uma destina\u00e7\u00e3o adequada aos dejetos dos animais, que at\u00e9 ent\u00e3o eram lan\u00e7ados em uma vala aberta. Por isso, ele procurou o escrit\u00f3rio da\u00a0<a href=\"https:\/\/www.emater.mg.gov.br\/\" target=\"_blank\" rel=\"noopener noreferrer\">Empresa de Assist\u00eancia T\u00e9cnica e Extens\u00e3o Rural do Estado de Minas Gerais (Emater-MG)<\/a>, em busca de orienta\u00e7\u00e3o.<\/p>\n<p>A decis\u00e3o se mostrou acertada. Ap\u00f3s uma visita t\u00e9cnica \u00e0 propriedade, o extensionista Vanilton Alves sugeriu a implanta\u00e7\u00e3o de uma caixa de alvenaria com divis\u00f3rias, para o recolhimento e o tratamento dos dejetos. Com a assessoria da tamb\u00e9m extensionista Mar\u00edlia Aparecida Martins, do munic\u00edpio vizinho de S\u00e3o Jos\u00e9 do Divino, ficaram definidos os investimentos necess\u00e1rios para o projeto, que contou com a parceria da prefeitura de Itabirinha, que cedeu a m\u00e1quina para a escava\u00e7\u00e3o do terreno. Para os materiais e a m\u00e3o\u00a0de\u00a0obra, o custo foi de R$ 7,8 mil.<\/p>\n<p>\u201cFoi um sucesso, tenho uma satisfa\u00e7\u00e3o imensa com o resultado, s\u00f3 tenho a agradecer \u00e0 Mar\u00edlia e ao Vanilton. Antes desse projeto que a Emater-MG trouxe para c\u00e1, os dejetos eram todos lan\u00e7ados numa vala aberta, e se misturavam com a \u00e1gua da chuva. O odor era muito forte e atra\u00eda muitos insetos\u201d, relembra o produtor Ant\u00f4nio Cardoso.<\/p>\n<p><strong>Sustentabilidade<\/strong><\/p>\n<p>Com as caixas de alvenaria, os dejetos sofrem decanta\u00e7\u00e3o e o chorume, que \u00e9 o resultado final do processo, pode ser utilizado como adubo na capineira e no canavial cultivados na propriedade, no processo conhecido como fertirriga\u00e7\u00e3o.<\/p>\n<p>A extensionista Mar\u00edlia Aparecida Martins explica que esse reaproveitamento nas lavouras torna o ciclo de produ\u00e7\u00e3o sustent\u00e1vel. \u201cAl\u00e9m do benef\u00edcio ambiental, ao dar um destino correto aos dejetos, o que evita a polui\u00e7\u00e3o do solo e da \u00e1gua, ainda existe o ganho de produtividade, com a aduba\u00e7\u00e3o da capineira e do canavial, que fornecem uma alimenta\u00e7\u00e3o melhor para os animais\u201d, diz.<\/p>\n<p>Vanilton Alves destaca, ainda, a melhoria da qualidade de vida da fam\u00edlia e dos trabalhadores com o controle dos insetos, j\u00e1 que os detritos da suinocultura n\u00e3o ficam mais expostos no ambiente. \u201cA higieniza\u00e7\u00e3o do local melhorou muito. N\u00e3o existe mais o odor desagrad\u00e1vel dos dejetos que corriam a c\u00e9u aberto\u201d, diz ele. Ele ressalta\u00a0ainda\u00a0que o mesmo sistema pode ser implantado em outras propriedades, inclusive com outras cria\u00e7\u00f5es, como bovinocultura e caprinocultura.<\/p>\n<p><strong>Pr\u00eamio<\/strong><\/p>\n<p>O projeto de destina\u00e7\u00e3o adequada dos dejetos na suinocultura em Itabirinha conquistou o primeiro lugar da Unidade Regional da Emater-MG em Governador Valadares no pr\u00eamio Destaque MelhorInovA\u00e7\u00e3o 2020.<\/p>\n<p>A premia\u00e7\u00e3o tem como objetivos destacar e divulgar as a\u00e7\u00f5es da empresa por meio da valoriza\u00e7\u00e3o profissional de seus funcion\u00e1rios que atuam em projetos, boas pr\u00e1ticas ou a\u00e7\u00f5es de melhoria que tenham obtido resultados significativos na rotina da unidade de trabalho ou para os clientes da empresa.<\/p>\n<p><span style=\"font-weight: 400;\">Fonte: Ag\u00eancia Minas<\/span><\/p>\n","protected":false},"excerpt":{"rendered":"<p>O produtor rural Ant\u00f4nio Cardoso, do munic\u00edpio de Itabirinha, no Leste de Minas, estava insatisfeito com a manuten\u00e7\u00e3o de uma cria\u00e7\u00e3o de su\u00ednos em sua propriedade. O maior problema, segundo ele, era como dar uma destina\u00e7\u00e3o adequada aos dejetos dos animais, que at\u00e9 ent\u00e3o eram lan\u00e7ados em uma vala aberta. Por isso, ele procurou o [&hellip;]<\/p>\n","protected":false},"author":246,"featured_media":191791,"comment_status":"closed","ping_status":"closed","sticky":false,"template":"","format":"standard","meta":{"footnotes":""},"categories":[436,254],"tags":[],"class_list":["post-191790","post","type-post","status-publish","format-standard","has-post-thumbnail","hentry","category-destaque-da-semana","category-politica"],"_links":{"self":[{"href":"https:\/\/diarioregionaldigital.com.br\/index.php?rest_route=\/wp\/v2\/posts\/191790","targetHints":{"allow":["GET"]}}],"collection":[{"href":"https:\/\/diarioregionaldigital.com.br\/index.php?rest_route=\/wp\/v2\/posts"}],"about":[{"href":"https:\/\/diarioregionaldigital.com.br\/index.php?rest_route=\/wp\/v2\/types\/post"}],"author":[{"embeddable":true,"href":"https:\/\/diarioregionaldigital.com.br\/index.php?rest_route=\/wp\/v2\/users\/246"}],"replies":[{"embeddable":true,"href":"https:\/\/diarioregionaldigital.com.br\/index.php?rest_route=%2Fwp%2Fv2%2Fcomments&post=191790"}],"version-history":[{"count":1,"href":"https:\/\/diarioregionaldigital.com.br\/index.php?rest_route=\/wp\/v2\/posts\/191790\/revisions"}],"predecessor-version":[{"id":191792,"href":"https:\/\/diarioregionaldigital.com.br\/index.php?rest_route=\/wp\/v2\/posts\/191790\/revisions\/191792"}],"wp:featuredmedia":[{"embeddable":true,"href":"https:\/\/diarioregionaldigital.com.br\/index.php?rest_route=\/wp\/v2\/media\/191791"}],"wp:attachment":[{"href":"https:\/\/diarioregionaldigital.com.br\/index.php?rest_route=%2Fwp%2Fv2%2Fmedia&parent=191790"}],"wp:term":[{"taxonomy":"category","embeddable":true,"href":"https:\/\/diarioregionaldigital.com.br\/index.php?rest_route=%2Fwp%2Fv2%2Fcategories&post=191790"},{"taxonomy":"post_tag","embeddable":true,"href":"https:\/\/diarioregionaldigital.com.br\/index.php?rest_route=%2Fwp%2Fv2%2Ftags&post=191790"}],"curies":[{"name":"wp","href":"https:\/\/api.w.org\/{rel}","templated":true}]}}