{"id":191668,"date":"2021-11-29T19:42:28","date_gmt":"2021-11-29T22:42:28","guid":{"rendered":"https:\/\/diarioregionaldigital.com.br\/?p=191668"},"modified":"2021-11-29T19:42:28","modified_gmt":"2021-11-29T22:42:28","slug":"sabatina-de-andre-mendonca-e-marcada-para-quarta-feira-no-senado","status":"publish","type":"post","link":"https:\/\/diarioregionaldigital.com.br\/?p=191668","title":{"rendered":"Sabatina de Andr\u00e9 Mendon\u00e7a \u00e9 marcada para quarta-feira no Senado"},"content":{"rendered":"<p>Ser\u00e1 na pr\u00f3xima quarta-feira (1\u00ba) , a partir das 9h, a sabatina do ex-ministro da Justi\u00e7a e ex-advogado-geral da Uni\u00e3o, Andr\u00e9 Mendon\u00e7a,\u00a0 para a vaga de ministro do Supremo Tribunal Federal (STF).<img decoding=\"async\" src=\"https:\/\/agenciabrasil.ebc.com.br\/ebc.png?id=1429550&amp;o=node\" \/><img decoding=\"async\" src=\"https:\/\/agenciabrasil.ebc.com.br\/ebc.gif?id=1429550&amp;o=node\" \/><\/p>\n<p>Ela ser\u00e1 realizada na Comiss\u00e3o de Constitui\u00e7\u00e3o e Justi\u00e7a (CCJ) do Senado e ter\u00e1 como relatora a senadora Eliziane Gama (Cidadania-MA), indicada pelo presidente da comiss\u00e3o, Davi Alcolumbre (DEM-AP).<\/p>\n<p>\u201cVou me pautar por informa\u00e7\u00f5es e tamb\u00e9m pela boa t\u00e9cnica legislativa, sem qualquer preconceito pol\u00edtico, ideol\u00f3gico e muito menos religioso. O que importa neste momento \u00e9 o curr\u00edculo e a capacidade t\u00e9cnica do indicado\u201d, disse a parlamentar.<\/p>\n<p>Andr\u00e9 Mendon\u00e7a foi indicado a uma vaga no STF pelo presidente Jair Bolsonaro no dia 13 de julho. A mensagem com a indica\u00e7\u00e3o chegou \u00e0 CCJ no dia 18 de agosto.<\/p>\n<p>A demora de Alcolumbre em agendar a sabatina foi questionada por diversos parlamentares, fato que gerou inc\u00f4modo e foi classificado como um \u201cembara\u00e7o\u201d pelo presidente da comiss\u00e3o.<\/p>\n<p>Segundo Alcolumbre, a defini\u00e7\u00e3o sobre a pauta das comiss\u00f5es e do plen\u00e1rio cabe aos presidentes e a escolha n\u00e3o tem a ver com religi\u00e3o ou ideologia.<\/p>\n<p><span style=\"font-weight: 400;\"><br \/>\n<\/span><span style=\"font-weight: 400;\">Fonte: Ag\u00eancia Brasil \/ Ag\u00eancia Senado<\/span><\/p>\n","protected":false},"excerpt":{"rendered":"<p>Ser\u00e1 na pr\u00f3xima quarta-feira (1\u00ba) , a partir das 9h, a sabatina do ex-ministro da Justi\u00e7a e ex-advogado-geral da Uni\u00e3o, Andr\u00e9 Mendon\u00e7a,\u00a0 para a vaga de ministro do Supremo Tribunal Federal (STF). Ela ser\u00e1 realizada na Comiss\u00e3o de Constitui\u00e7\u00e3o e Justi\u00e7a (CCJ) do Senado e ter\u00e1 como relatora a senadora Eliziane Gama (Cidadania-MA), indicada pelo [&hellip;]<\/p>\n","protected":false},"author":246,"featured_media":191669,"comment_status":"closed","ping_status":"closed","sticky":false,"template":"","format":"standard","meta":{"footnotes":""},"categories":[436,254],"tags":[],"class_list":["post-191668","post","type-post","status-publish","format-standard","has-post-thumbnail","hentry","category-destaque-da-semana","category-politica"],"_links":{"self":[{"href":"https:\/\/diarioregionaldigital.com.br\/index.php?rest_route=\/wp\/v2\/posts\/191668","targetHints":{"allow":["GET"]}}],"collection":[{"href":"https:\/\/diarioregionaldigital.com.br\/index.php?rest_route=\/wp\/v2\/posts"}],"about":[{"href":"https:\/\/diarioregionaldigital.com.br\/index.php?rest_route=\/wp\/v2\/types\/post"}],"author":[{"embeddable":true,"href":"https:\/\/diarioregionaldigital.com.br\/index.php?rest_route=\/wp\/v2\/users\/246"}],"replies":[{"embeddable":true,"href":"https:\/\/diarioregionaldigital.com.br\/index.php?rest_route=%2Fwp%2Fv2%2Fcomments&post=191668"}],"version-history":[{"count":1,"href":"https:\/\/diarioregionaldigital.com.br\/index.php?rest_route=\/wp\/v2\/posts\/191668\/revisions"}],"predecessor-version":[{"id":191670,"href":"https:\/\/diarioregionaldigital.com.br\/index.php?rest_route=\/wp\/v2\/posts\/191668\/revisions\/191670"}],"wp:featuredmedia":[{"embeddable":true,"href":"https:\/\/diarioregionaldigital.com.br\/index.php?rest_route=\/wp\/v2\/media\/191669"}],"wp:attachment":[{"href":"https:\/\/diarioregionaldigital.com.br\/index.php?rest_route=%2Fwp%2Fv2%2Fmedia&parent=191668"}],"wp:term":[{"taxonomy":"category","embeddable":true,"href":"https:\/\/diarioregionaldigital.com.br\/index.php?rest_route=%2Fwp%2Fv2%2Fcategories&post=191668"},{"taxonomy":"post_tag","embeddable":true,"href":"https:\/\/diarioregionaldigital.com.br\/index.php?rest_route=%2Fwp%2Fv2%2Ftags&post=191668"}],"curies":[{"name":"wp","href":"https:\/\/api.w.org\/{rel}","templated":true}]}}