{"id":191664,"date":"2021-11-29T19:40:46","date_gmt":"2021-11-29T22:40:46","guid":{"rendered":"https:\/\/diarioregionaldigital.com.br\/?p=191664"},"modified":"2021-11-29T19:40:46","modified_gmt":"2021-11-29T22:40:46","slug":"minas-livre-para-crescer-ja-chega-a-quase-150-municipios-no-estado","status":"publish","type":"post","link":"https:\/\/diarioregionaldigital.com.br\/?p=191664","title":{"rendered":"Minas Livre Para Crescer j\u00e1 chega a quase 150 munic\u00edpios no estado"},"content":{"rendered":"<p><main class=\"clear margin-md-bottom-3\"><\/p>\n<div class=\"clear \">\n<p dir=\"ltr\">O governador Romeu Zema participou, nesta sexta-feira (26\/11), em Conquista, no Tri\u00e2ngulo Mineiro, da solenidade em que o munic\u00edpio assinou decreto de liberdade econ\u00f4mica. A iniciativa integra o\u00a0<a href=\"http:\/\/www.desenvolvimento.mg.gov.br\/application\/projetos\/projeto\/1062\">Minas Livre Para Crescer<\/a>, programa estrat\u00e9gico da Secretaria de Desenvolvimento Econ\u00f4mico (Sede) que tem o objetivo de diminuir a burocracia e os custos para novos empreendimentos.<\/p>\n<p dir=\"ltr\">Ao todo, 148 cidades j\u00e1 publicaram decretos pr\u00f3prios, incluindo Ouro Branco, na regi\u00e3o Central, que tamb\u00e9m formalizou a ades\u00e3o ao program nesta sexta-feira. Outros 93 munic\u00edpios est\u00e3o em processo de elabora\u00e7\u00e3o. Dentro das a\u00e7\u00f5es do Minas Livre para Crescer, 458 atos j\u00e1 foram revogados, entre decretos, portarias e resolu\u00e7\u00f5es. O intuito \u00e9 simplificar a vida do investidor. Ao todo, 701 atividades foram dispensadas de alvar\u00e1, tornando-se livres.<\/p>\n<p dir=\"ltr\">Para Romeu Zema, a crescente ades\u00e3o ao programa mostra que o\u00a0<a href=\"https:\/\/www.mg.gov.br\/\">Governo de Minas<\/a>\u00a0tem trabalhado para garantir um ambiente menos burocr\u00e1tico para quem quer investir no estado.<\/p>\n<p dir=\"ltr\">\u201cNosso grande foco \u00e9 que o Estado pare de perturbar, de atrapalhar quem investe. Em Minas temos tentado tomar um caminho diferente. Fico muito satisfeito que, nesses tr\u00eas anos de mandato, que vamos completar daqui um m\u00eas, n\u00f3s tenhamos feito grandes avan\u00e7os\u201d, afirmou.<\/p>\n<p dir=\"ltr\">O secret\u00e1rio de Estado de\u00a0<a href=\"http:\/\/www.desenvolvimento.mg.gov.br\/\">Desenvolvimento Econ\u00f4mico<\/a>, Fernando Passalio, destacou a import\u00e2ncia da medida para fomentar a economia na cidade e na regi\u00e3o.<\/p>\n<p dir=\"ltr\">\u201c Os decretos municipais de liberdade econ\u00f4mica facilitam, e muito, a vida de quem quer empreender. Um ambiente de neg\u00f3cios favor\u00e1vel \u00e9 o que as cidades precisam para gerar emprego e renda\u201d, enfatizou.<\/p>\n<p dir=\"ltr\">Al\u00e9m da prefeita de Conquista, Vera L\u00facia Guardieiro, participaram da solenidade deputados federais, estaduais, outros prefeitos, vereadores, demais autoridades e empres\u00e1rios.<\/p>\n<p dir=\"ltr\"><strong>Doa\u00e7\u00e3o de sal\u00e1rio<\/strong><\/p>\n<p dir=\"ltr\">Tamb\u00e9m na cidade do Tri\u00e2ngulo Mineiro, Romeu Zema cumpriu agenda na Associa\u00e7\u00e3o de Pais e Amigos dos Excepcionais de Conquista (Apae). O chefe do Executivo estadual doou seu sal\u00e1rio para a entidade, que atende cerca de 70 crian\u00e7as, adolescentes e adultos.<\/p>\n<p dir=\"ltr\">Essa a\u00e7\u00e3o filantr\u00f3pica \u00e9 promovida pelo governador desde o primeiro m\u00eas de gest\u00e3o \u00e0 frente do Estado para diferentes projetos e locais, de acordo com a demanda identificada.<\/p>\n<p dir=\"ltr\"><strong>Visita Latic\u00ednios Scala<\/strong><\/p>\n<p dir=\"ltr\">Tamb\u00e9m nessa sexta-feira, Zema visitou as obras da quarta f\u00e1brica dos Latic\u00ednios Scala, localizada em Sacramento, no Alto Parana\u00edba. A empresa est\u00e1 investindo R$ 130 milh\u00f5es na unidade, que produzir\u00e1 queijo parmes\u00e3o e requeij\u00e3o. Somente na fase de obras, 400 postos de trabalho est\u00e3o sendo criados. Quando entrar em opera\u00e7\u00e3o, a ind\u00fastria vai empregar 200 pessoas.<\/p>\n<p dir=\"ltr\">Durante a agenda, o governador afirmou que essa amplia\u00e7\u00e3o \u00e9 uma prova concreta do trabalho que est\u00e1 sendo realizado em Minas para a atra\u00e7\u00e3o de investimentos. \u201cA desburocratiza\u00e7\u00e3o de in\u00fameros processos e a maior seguran\u00e7a jur\u00eddica est\u00e3o se transformando em investimentos e gera\u00e7\u00e3o de empregos\u201d, disse.<\/p>\n<p dir=\"ltr\"><strong>Hist\u00f3rico<\/strong><\/p>\n<p dir=\"ltr\">A Scala foi fundada em 1963, ap\u00f3s a compra de uma pequena f\u00e1brica de manteiga. Atualmente, a companhia tem tr\u00eas f\u00e1bricas em opera\u00e7\u00e3o, sendo duas em Sacramento e uma em Patroc\u00ednio, tamb\u00e9m no Alto Parana\u00edba.<\/p>\n<p dir=\"ltr\">A empresa tem capacidade para processar mais de 600 mil litros de leite por dia. S\u00e3o mais de mil fazendas cadastradas na capta\u00e7\u00e3o do insumo. O latic\u00ednio conta com uma linha completa de produtos, que inclui diferentes tipos de queijo, requeij\u00e3o, cream-cheese e manteiga.<\/p>\n<p><span style=\"font-weight: 400;\">Fonte: Ag\u00eancia Minas <\/span><\/p>\n<\/div>\n<p><\/main><\/p>\n","protected":false},"excerpt":{"rendered":"<p>O governador Romeu Zema participou, nesta sexta-feira (26\/11), em Conquista, no Tri\u00e2ngulo Mineiro, da solenidade em que o munic\u00edpio assinou decreto de liberdade econ\u00f4mica. A iniciativa integra o\u00a0Minas Livre Para Crescer, programa estrat\u00e9gico da Secretaria de Desenvolvimento Econ\u00f4mico (Sede) que tem o objetivo de diminuir a burocracia e os custos para novos empreendimentos. Ao todo, [&hellip;]<\/p>\n","protected":false},"author":246,"featured_media":191665,"comment_status":"closed","ping_status":"closed","sticky":false,"template":"","format":"standard","meta":{"footnotes":""},"categories":[436,254],"tags":[],"class_list":["post-191664","post","type-post","status-publish","format-standard","has-post-thumbnail","hentry","category-destaque-da-semana","category-politica"],"_links":{"self":[{"href":"https:\/\/diarioregionaldigital.com.br\/index.php?rest_route=\/wp\/v2\/posts\/191664","targetHints":{"allow":["GET"]}}],"collection":[{"href":"https:\/\/diarioregionaldigital.com.br\/index.php?rest_route=\/wp\/v2\/posts"}],"about":[{"href":"https:\/\/diarioregionaldigital.com.br\/index.php?rest_route=\/wp\/v2\/types\/post"}],"author":[{"embeddable":true,"href":"https:\/\/diarioregionaldigital.com.br\/index.php?rest_route=\/wp\/v2\/users\/246"}],"replies":[{"embeddable":true,"href":"https:\/\/diarioregionaldigital.com.br\/index.php?rest_route=%2Fwp%2Fv2%2Fcomments&post=191664"}],"version-history":[{"count":2,"href":"https:\/\/diarioregionaldigital.com.br\/index.php?rest_route=\/wp\/v2\/posts\/191664\/revisions"}],"predecessor-version":[{"id":191667,"href":"https:\/\/diarioregionaldigital.com.br\/index.php?rest_route=\/wp\/v2\/posts\/191664\/revisions\/191667"}],"wp:featuredmedia":[{"embeddable":true,"href":"https:\/\/diarioregionaldigital.com.br\/index.php?rest_route=\/wp\/v2\/media\/191665"}],"wp:attachment":[{"href":"https:\/\/diarioregionaldigital.com.br\/index.php?rest_route=%2Fwp%2Fv2%2Fmedia&parent=191664"}],"wp:term":[{"taxonomy":"category","embeddable":true,"href":"https:\/\/diarioregionaldigital.com.br\/index.php?rest_route=%2Fwp%2Fv2%2Fcategories&post=191664"},{"taxonomy":"post_tag","embeddable":true,"href":"https:\/\/diarioregionaldigital.com.br\/index.php?rest_route=%2Fwp%2Fv2%2Ftags&post=191664"}],"curies":[{"name":"wp","href":"https:\/\/api.w.org\/{rel}","templated":true}]}}