{"id":191660,"date":"2021-11-29T19:39:09","date_gmt":"2021-11-29T22:39:09","guid":{"rendered":"https:\/\/diarioregionaldigital.com.br\/?p=191660"},"modified":"2021-11-29T19:39:09","modified_gmt":"2021-11-29T22:39:09","slug":"governo-reforma-e-restaura-tres-importantes-escolas-estaduais-no-interior","status":"publish","type":"post","link":"https:\/\/diarioregionaldigital.com.br\/?p=191660","title":{"rendered":"Governo reforma e restaura tr\u00eas importantes escolas estaduais no interior"},"content":{"rendered":"<p>O\u00a0<a href=\"http:\/\/www.der.mg.gov.br\/\" target=\"_blank\" rel=\"noopener\">Departamento de Edifica\u00e7\u00f5es e Estradas de Rodagem de Minas Gerais (DER-MG)<\/a>\u00a0iniciou a elabora\u00e7\u00e3o de tr\u00eas projetos executivos para a reforma e restaura\u00e7\u00e3o da Escola Estadual Wenceslau Braz, em Itajub\u00e1, da Escola Estadual Dr. Jo\u00e3o Pinheiro, em S\u00e3o Gon\u00e7alo do Sapuca\u00ed, e da Escola Estadual Odilon Behrens, em Guanh\u00e3es. As tr\u00eas edifica\u00e7\u00f5es s\u00e3o do estilo ecl\u00e9tico, sendo as duas primeiras tombadas pelos respectivos Conselhos Deliberativos de Patrim\u00f4nios Hist\u00f3ricos dos munic\u00edpios.<\/p>\n<p>O projeto da escola de Itajub\u00e1, constru\u00edda em 1910, tem a previs\u00e3o de ser executado em 210 dias, no valor de R$ 183.330,17. A obra ir\u00e1 corrigir problemas estruturais e deixar as instala\u00e7\u00f5es de acordo com as normas t\u00e9cnicas vigentes, de forma a n\u00e3o comprometer o acervo arquitet\u00f4nico. A edifica\u00e7\u00e3o conta com bloco principal com dois pavimentos e, ainda, dois anexos de um pavimento, com \u00e1rea de, aproximadamente, 4.050,00m\u00b2.<\/p>\n<p>Para a escola de S\u00e3o Gon\u00e7alo do Sapuca\u00ed, o prazo previsto de execu\u00e7\u00e3o do projeto \u00e9 de 180 dias, com or\u00e7amento de R$ 135.778,80. A escola atende cerca de 790 alunos dos ensinos fundamental e m\u00e9dio, em um terreno de 2.042m\u00b2, com \u00e1rea constru\u00edda, aproximada, de 1.438 m\u00b2. A estrutura foi erguida em 1908, com dois pavimentos e fachada alinhada \u00e0s cal\u00e7adas.<\/p>\n<p>J\u00e1 o projeto da unidade escolar de Guanh\u00e3es tem o objetivo de refor\u00e7ar a parte estrutural do bloco principal e executar alguns servi\u00e7os complementares. Est\u00e1 previsto que os trabalhos, avaliados em R$ 102.762,75, sejam realizados em 180 dias. O pr\u00e9dio foi constru\u00eddo em 1945 e contempla 23 salas de aula, refeit\u00f3rio, biblioteca, quadras poliesportivas, laborat\u00f3rio de inform\u00e1tica, p\u00e1tio e \u00e1rea verde.<\/p>\n<p>\u201c\u00c9 com muito entusiasmo que iniciamos a execu\u00e7\u00e3o desses tr\u00eas projetos de reforma e restaura\u00e7\u00e3o. Eles demonstram o empenho do Governo de Minas de melhorar as estruturas das escolas estaduais, de forma a garantir melhores infraestruturas para nossos alunos, professores e funcion\u00e1rios\u201d, comemora o diretor-geral do DER-MG, Robson Santana.<\/p>\n<p><span style=\"font-weight: 400;\">Fonte: Ag\u00eancia Minas <\/span><\/p>\n","protected":false},"excerpt":{"rendered":"<p>O\u00a0Departamento de Edifica\u00e7\u00f5es e Estradas de Rodagem de Minas Gerais (DER-MG)\u00a0iniciou a elabora\u00e7\u00e3o de tr\u00eas projetos executivos para a reforma e restaura\u00e7\u00e3o da Escola Estadual Wenceslau Braz, em Itajub\u00e1, da Escola Estadual Dr. Jo\u00e3o Pinheiro, em S\u00e3o Gon\u00e7alo do Sapuca\u00ed, e da Escola Estadual Odilon Behrens, em Guanh\u00e3es. As tr\u00eas edifica\u00e7\u00f5es s\u00e3o do estilo ecl\u00e9tico, [&hellip;]<\/p>\n","protected":false},"author":246,"featured_media":191661,"comment_status":"closed","ping_status":"closed","sticky":false,"template":"","format":"standard","meta":{"footnotes":""},"categories":[436,254,252,439],"tags":[],"class_list":["post-191660","post","type-post","status-publish","format-standard","has-post-thumbnail","hentry","category-destaque-da-semana","category-politica","category-regiao","category-ultima-hora"],"_links":{"self":[{"href":"https:\/\/diarioregionaldigital.com.br\/index.php?rest_route=\/wp\/v2\/posts\/191660","targetHints":{"allow":["GET"]}}],"collection":[{"href":"https:\/\/diarioregionaldigital.com.br\/index.php?rest_route=\/wp\/v2\/posts"}],"about":[{"href":"https:\/\/diarioregionaldigital.com.br\/index.php?rest_route=\/wp\/v2\/types\/post"}],"author":[{"embeddable":true,"href":"https:\/\/diarioregionaldigital.com.br\/index.php?rest_route=\/wp\/v2\/users\/246"}],"replies":[{"embeddable":true,"href":"https:\/\/diarioregionaldigital.com.br\/index.php?rest_route=%2Fwp%2Fv2%2Fcomments&post=191660"}],"version-history":[{"count":2,"href":"https:\/\/diarioregionaldigital.com.br\/index.php?rest_route=\/wp\/v2\/posts\/191660\/revisions"}],"predecessor-version":[{"id":191663,"href":"https:\/\/diarioregionaldigital.com.br\/index.php?rest_route=\/wp\/v2\/posts\/191660\/revisions\/191663"}],"wp:featuredmedia":[{"embeddable":true,"href":"https:\/\/diarioregionaldigital.com.br\/index.php?rest_route=\/wp\/v2\/media\/191661"}],"wp:attachment":[{"href":"https:\/\/diarioregionaldigital.com.br\/index.php?rest_route=%2Fwp%2Fv2%2Fmedia&parent=191660"}],"wp:term":[{"taxonomy":"category","embeddable":true,"href":"https:\/\/diarioregionaldigital.com.br\/index.php?rest_route=%2Fwp%2Fv2%2Fcategories&post=191660"},{"taxonomy":"post_tag","embeddable":true,"href":"https:\/\/diarioregionaldigital.com.br\/index.php?rest_route=%2Fwp%2Fv2%2Ftags&post=191660"}],"curies":[{"name":"wp","href":"https:\/\/api.w.org\/{rel}","templated":true}]}}