{"id":191645,"date":"2021-11-29T18:53:45","date_gmt":"2021-11-29T21:53:45","guid":{"rendered":"https:\/\/diarioregionaldigital.com.br\/?p=191645"},"modified":"2021-11-29T18:53:45","modified_gmt":"2021-11-29T21:53:45","slug":"cnc-endividamento-das-familias-atinge-maior-patamar-em-quase-12-anos","status":"publish","type":"post","link":"https:\/\/diarioregionaldigital.com.br\/?p=191645","title":{"rendered":"CNC: endividamento das fam\u00edlias atinge maior patamar em quase 12 anos"},"content":{"rendered":"<p>O percentual de fam\u00edlias brasileiras com d\u00edvidas em atraso ou n\u00e3o chegou a 74,6% em outubro deste ano, maior patamar da s\u00e9rie da Pesquisa Nacional de Endividamento e Inadimpl\u00eancia do Consumidor (Peic), iniciada em janeiro de 2010. Antes de julho deste ano, a parcela nunca havia superado a marca dos 70%.<img decoding=\"async\" src=\"https:\/\/agenciabrasil.ebc.com.br\/ebc.png?id=1429529&amp;o=node\" \/><img decoding=\"async\" src=\"https:\/\/agenciabrasil.ebc.com.br\/ebc.gif?id=1429529&amp;o=node\" \/><\/p>\n<p>Desde julho, no entanto, o percentual de endividados no pa\u00eds, que est\u00e1 h\u00e1 11 meses em alta, supera os 70%. Os dados foram divulgados hoje (29) pela Confedera\u00e7\u00e3o Nacional do Com\u00e9rcio de Bens, Servi\u00e7os e Turismo (CNC).<\/p>\n<p>Em setembro deste ano, o \u00edndice havia ficado em 74%. J\u00e1 em outubro do ano passado, os inadimplentes eram 66,5% das fam\u00edlias.<\/p>\n<p><strong>Inadimpl\u00eancia<\/strong><\/p>\n<p>O percentual de inadimplentes, ou seja, fam\u00edlias que t\u00eam contas ou d\u00edvidas em atraso, apresentou, em outubro deste ano (25,6%), uma ligeira alta em rela\u00e7\u00e3o a setembro (25,5%). Houve, no entanto, queda em rela\u00e7\u00e3o a outubro de 2020 (26,1%).<\/p>\n<p>O percentual de fam\u00edlias que n\u00e3o ter\u00e3o condi\u00e7\u00f5es de pagar suas d\u00edvidas ou contas caiu para 10,1% em outubro deste ano, abaixo dos 10,3% do m\u00eas anterior e dos 11,9% de outubro do ano passado.<\/p>\n<p>A parcela m\u00e9dia da renda comprometida com d\u00edvidas manteve-se est\u00e1vel em 30,2%. A maior parte das d\u00edvidas (84,9%) \u00e9 com cart\u00e3o de cr\u00e9dito. Entre os inadimplentes, o tempo m\u00e9dio de atraso na quita\u00e7\u00e3o das d\u00edvidas \u00e9 o menor desde mar\u00e7o deste ano: 61,4 dias.<\/p>\n<p><span style=\"font-weight: 400;\">Fonte: Ag\u00eancia Brasil <\/span><\/p>\n","protected":false},"excerpt":{"rendered":"<p>O percentual de fam\u00edlias brasileiras com d\u00edvidas em atraso ou n\u00e3o chegou a 74,6% em outubro deste ano, maior patamar da s\u00e9rie da Pesquisa Nacional de Endividamento e Inadimpl\u00eancia do Consumidor (Peic), iniciada em janeiro de 2010. Antes de julho deste ano, a parcela nunca havia superado a marca dos 70%. Desde julho, no entanto, [&hellip;]<\/p>\n","protected":false},"author":246,"featured_media":191646,"comment_status":"closed","ping_status":"closed","sticky":false,"template":"","format":"standard","meta":{"footnotes":""},"categories":[436,440,261,439],"tags":[],"class_list":["post-191645","post","type-post","status-publish","format-standard","has-post-thumbnail","hentry","category-destaque-da-semana","category-destaques-do-dia","category-economia","category-ultima-hora"],"_links":{"self":[{"href":"https:\/\/diarioregionaldigital.com.br\/index.php?rest_route=\/wp\/v2\/posts\/191645","targetHints":{"allow":["GET"]}}],"collection":[{"href":"https:\/\/diarioregionaldigital.com.br\/index.php?rest_route=\/wp\/v2\/posts"}],"about":[{"href":"https:\/\/diarioregionaldigital.com.br\/index.php?rest_route=\/wp\/v2\/types\/post"}],"author":[{"embeddable":true,"href":"https:\/\/diarioregionaldigital.com.br\/index.php?rest_route=\/wp\/v2\/users\/246"}],"replies":[{"embeddable":true,"href":"https:\/\/diarioregionaldigital.com.br\/index.php?rest_route=%2Fwp%2Fv2%2Fcomments&post=191645"}],"version-history":[{"count":1,"href":"https:\/\/diarioregionaldigital.com.br\/index.php?rest_route=\/wp\/v2\/posts\/191645\/revisions"}],"predecessor-version":[{"id":191647,"href":"https:\/\/diarioregionaldigital.com.br\/index.php?rest_route=\/wp\/v2\/posts\/191645\/revisions\/191647"}],"wp:featuredmedia":[{"embeddable":true,"href":"https:\/\/diarioregionaldigital.com.br\/index.php?rest_route=\/wp\/v2\/media\/191646"}],"wp:attachment":[{"href":"https:\/\/diarioregionaldigital.com.br\/index.php?rest_route=%2Fwp%2Fv2%2Fmedia&parent=191645"}],"wp:term":[{"taxonomy":"category","embeddable":true,"href":"https:\/\/diarioregionaldigital.com.br\/index.php?rest_route=%2Fwp%2Fv2%2Fcategories&post=191645"},{"taxonomy":"post_tag","embeddable":true,"href":"https:\/\/diarioregionaldigital.com.br\/index.php?rest_route=%2Fwp%2Fv2%2Ftags&post=191645"}],"curies":[{"name":"wp","href":"https:\/\/api.w.org\/{rel}","templated":true}]}}