{"id":191639,"date":"2021-11-29T14:47:34","date_gmt":"2021-11-29T17:47:34","guid":{"rendered":"https:\/\/diarioregionaldigital.com.br\/?p=191639"},"modified":"2021-11-29T14:49:40","modified_gmt":"2021-11-29T17:49:40","slug":"policia-militar-prende-autor-e-apreende-materiais-relacionados-ao-trafico-de-drogas","status":"publish","type":"post","link":"https:\/\/diarioregionaldigital.com.br\/?p=191639","title":{"rendered":"Pol\u00edcia Militar prende autor e apreende materiais relacionados ao tr\u00e1fico de drogas na Vila Alpina"},"content":{"rendered":"<p>Na data de 28nov21 por volta das 20h21min, durante execu\u00e7\u00e3o de uma Opera\u00e7\u00e3o Batida Policial, a Pol\u00edcia Militar deslocou at\u00e9 a Rua Arax\u00e1 no bairro Vila Alpina para verifica\u00e7\u00e3o de uma den\u00fancia referente ao tr\u00e1fico de drogas que estava acontecendo em uma resid\u00eancia. No local, o denunciado, um homem de 68 anos, foi encontrado e franqueou a entrada dos policiais. Realizadas as buscas ao todo foram localizados: 01 barra de crack, 242 pedras de crack, 02 balan\u00e7as de precis\u00e3o, 01 por\u00e7\u00e3o de crack, 02 pacotes contendo pinos vazios, 09 muni\u00e7\u00f5es calibre .380, 02 carregadores de pistola calibre .380, 02 placas de colete bal\u00edstico, 01 capa para acondicionar placas de colete bal\u00edstico e 01 arma de fogo tipo pistola, marca \u201cTaurus\u201d, calibre .380. O autor foi preso em flagrante delito e conduzido a Delegacia, junto com os materiais apreendidos.<\/p>\n","protected":false},"excerpt":{"rendered":"<p>Na data de 28nov21 por volta das 20h21min, durante execu\u00e7\u00e3o de uma Opera\u00e7\u00e3o Batida Policial, a Pol\u00edcia Militar deslocou at\u00e9 a Rua Arax\u00e1 no bairro Vila Alpina para verifica\u00e7\u00e3o de uma den\u00fancia referente ao tr\u00e1fico de drogas que estava acontecendo em uma resid\u00eancia. No local, o denunciado, um homem de 68 anos, foi encontrado e [&hellip;]<\/p>\n","protected":false},"author":246,"featured_media":191641,"comment_status":"closed","ping_status":"closed","sticky":false,"template":"","format":"standard","meta":{"footnotes":""},"categories":[301],"tags":[],"class_list":["post-191639","post","type-post","status-publish","format-standard","has-post-thumbnail","hentry","category-artigos-policiais"],"_links":{"self":[{"href":"https:\/\/diarioregionaldigital.com.br\/index.php?rest_route=\/wp\/v2\/posts\/191639","targetHints":{"allow":["GET"]}}],"collection":[{"href":"https:\/\/diarioregionaldigital.com.br\/index.php?rest_route=\/wp\/v2\/posts"}],"about":[{"href":"https:\/\/diarioregionaldigital.com.br\/index.php?rest_route=\/wp\/v2\/types\/post"}],"author":[{"embeddable":true,"href":"https:\/\/diarioregionaldigital.com.br\/index.php?rest_route=\/wp\/v2\/users\/246"}],"replies":[{"embeddable":true,"href":"https:\/\/diarioregionaldigital.com.br\/index.php?rest_route=%2Fwp%2Fv2%2Fcomments&post=191639"}],"version-history":[{"count":2,"href":"https:\/\/diarioregionaldigital.com.br\/index.php?rest_route=\/wp\/v2\/posts\/191639\/revisions"}],"predecessor-version":[{"id":191643,"href":"https:\/\/diarioregionaldigital.com.br\/index.php?rest_route=\/wp\/v2\/posts\/191639\/revisions\/191643"}],"wp:featuredmedia":[{"embeddable":true,"href":"https:\/\/diarioregionaldigital.com.br\/index.php?rest_route=\/wp\/v2\/media\/191641"}],"wp:attachment":[{"href":"https:\/\/diarioregionaldigital.com.br\/index.php?rest_route=%2Fwp%2Fv2%2Fmedia&parent=191639"}],"wp:term":[{"taxonomy":"category","embeddable":true,"href":"https:\/\/diarioregionaldigital.com.br\/index.php?rest_route=%2Fwp%2Fv2%2Fcategories&post=191639"},{"taxonomy":"post_tag","embeddable":true,"href":"https:\/\/diarioregionaldigital.com.br\/index.php?rest_route=%2Fwp%2Fv2%2Ftags&post=191639"}],"curies":[{"name":"wp","href":"https:\/\/api.w.org\/{rel}","templated":true}]}}