{"id":191616,"date":"2021-11-26T18:44:38","date_gmt":"2021-11-26T21:44:38","guid":{"rendered":"https:\/\/diarioregionaldigital.com.br\/?p=191616"},"modified":"2021-11-26T18:44:38","modified_gmt":"2021-11-26T21:44:38","slug":"vacinacao-antirrabica-acontece-na-praca-do-riachuelo-de-2a-a-6a","status":"publish","type":"post","link":"https:\/\/diarioregionaldigital.com.br\/?p=191616","title":{"rendered":"Vacina\u00e7\u00e3o antirr\u00e1bica acontece na Pra\u00e7a do Riachuelo de 2\u00aa a 6\u00aa"},"content":{"rendered":"<p>As pessoas que n\u00e3o levaram seus c\u00e3es e gatos para serem vacinados no Dia D da Vacina\u00e7\u00e3o antirr\u00e1bica, no m\u00eas passado, e que n\u00e3o conseguirem na segunda etapa, realizada neste s\u00e1bado, 27, podem levar seus animais de estima\u00e7\u00e3o para serem imunizados contra a raiva na Pra\u00e7a do Riachuelo, na segunda, 29, at\u00e9 a sexta-feira, 3, das 9h \u00e0s 14h. Al\u00e9m da vacina\u00e7\u00e3o dos bichinhos, a Secretaria de Sa\u00fade (SS) da Prefeitura de Juiz de Fora (PJF) disponibilizar\u00e1 profissionais que far\u00e3o o cadastramento de solicita\u00e7\u00f5es para castra\u00e7\u00e3o de c\u00e3es e gatos.<\/p>\n<p>Segundo informa\u00e7\u00f5es do site da Prefeitura de Juiz de Fora, os animais que receberam a primeira dose da vacina na vida no dia 23 de outubro podem receber a dose de refor\u00e7o, enquanto os que j\u00e1 foram vacinados em anos anteriores precisam de apenas uma dose para serem imunizados contra a raiva. \u00c9 necess\u00e1rio que o animal tenha pelo menos tr\u00eas meses de vida para receber a dose da antirr\u00e1bica.<\/p>\n<p>O veterin\u00e1rio Jos\u00e9 Geraldo Castro J\u00fanior, coordenador da Campanha de Vacina\u00e7\u00e3o Antirr\u00e1bica Animal do Setor de Zoonoses da Secretaria de Sa\u00fade (SS), refor\u00e7a a import\u00e2ncia da a\u00e7\u00e3o na Pra\u00e7a do Riachuelo, como uma forma de dar mais oportunidades para as pessoas vacinarem seus pets. \u201cEst\u00e1 vacina\u00e7\u00e3o ao longo da semana \u00e9 muito importante e complementa a imuniza\u00e7\u00e3o do dia 27 de novembro, realizada em 38 locais espalhados pela cidade. Devem ser vacinados c\u00e3es e gatos a partir de 3 meses de idade e sempre \u00e9 importante lembrar que a vacina\u00e7\u00e3o deles representa a principal maneira de prevenirmos o aparecimento desta grave doen\u00e7a nos seres humanos e nos nossos animais de estima\u00e7\u00e3o. O sucesso da nossa campanha ao longo dos anos pode ser comprovada com o fato de n\u00e3o termos casos de raiva em c\u00e3es e gatos desde 98 na zona urbana. Devemos manter o alto \u00edndice de vacina. Voc\u00ea que ainda n\u00e3o levou seu c\u00e3o ou gato para ser imunizado, aproveite mais esta oportunidade\u201d, ressalta Jos\u00e9 Geraldo.<\/p>\n<p>A vacina\u00e7\u00e3o \u00e9 uma das a\u00e7\u00f5es realizadas pela Prefeitura na Pra\u00e7a do Riachuelo. H\u00e1 v\u00e1rias atra\u00e7\u00f5es na pra\u00e7a ao longo da semana. pode ser vista no site da PJF\u00a0<a href=\"https:\/\/www.pjf.mg.gov.br\/noticias\/view.php?modo=link2&amp;idnoticia2=73276\"><b>A programa\u00e7\u00e3o completa\u00a0<\/b><\/a>pode ser vista no site da PJF.<\/p>\n","protected":false},"excerpt":{"rendered":"<p>As pessoas que n\u00e3o levaram seus c\u00e3es e gatos para serem vacinados no Dia D da Vacina\u00e7\u00e3o antirr\u00e1bica, no m\u00eas passado, e que n\u00e3o conseguirem na segunda etapa, realizada neste s\u00e1bado, 27, podem levar seus animais de estima\u00e7\u00e3o para serem imunizados contra a raiva na Pra\u00e7a do Riachuelo, na segunda, 29, at\u00e9 a sexta-feira, 3, [&hellip;]<\/p>\n","protected":false},"author":246,"featured_media":191617,"comment_status":"closed","ping_status":"closed","sticky":false,"template":"","format":"standard","meta":{"footnotes":""},"categories":[253,436],"tags":[],"class_list":["post-191616","post","type-post","status-publish","format-standard","has-post-thumbnail","hentry","category-cidade","category-destaque-da-semana"],"_links":{"self":[{"href":"https:\/\/diarioregionaldigital.com.br\/index.php?rest_route=\/wp\/v2\/posts\/191616","targetHints":{"allow":["GET"]}}],"collection":[{"href":"https:\/\/diarioregionaldigital.com.br\/index.php?rest_route=\/wp\/v2\/posts"}],"about":[{"href":"https:\/\/diarioregionaldigital.com.br\/index.php?rest_route=\/wp\/v2\/types\/post"}],"author":[{"embeddable":true,"href":"https:\/\/diarioregionaldigital.com.br\/index.php?rest_route=\/wp\/v2\/users\/246"}],"replies":[{"embeddable":true,"href":"https:\/\/diarioregionaldigital.com.br\/index.php?rest_route=%2Fwp%2Fv2%2Fcomments&post=191616"}],"version-history":[{"count":1,"href":"https:\/\/diarioregionaldigital.com.br\/index.php?rest_route=\/wp\/v2\/posts\/191616\/revisions"}],"predecessor-version":[{"id":191618,"href":"https:\/\/diarioregionaldigital.com.br\/index.php?rest_route=\/wp\/v2\/posts\/191616\/revisions\/191618"}],"wp:featuredmedia":[{"embeddable":true,"href":"https:\/\/diarioregionaldigital.com.br\/index.php?rest_route=\/wp\/v2\/media\/191617"}],"wp:attachment":[{"href":"https:\/\/diarioregionaldigital.com.br\/index.php?rest_route=%2Fwp%2Fv2%2Fmedia&parent=191616"}],"wp:term":[{"taxonomy":"category","embeddable":true,"href":"https:\/\/diarioregionaldigital.com.br\/index.php?rest_route=%2Fwp%2Fv2%2Fcategories&post=191616"},{"taxonomy":"post_tag","embeddable":true,"href":"https:\/\/diarioregionaldigital.com.br\/index.php?rest_route=%2Fwp%2Fv2%2Ftags&post=191616"}],"curies":[{"name":"wp","href":"https:\/\/api.w.org\/{rel}","templated":true}]}}