{"id":191613,"date":"2021-11-26T18:42:18","date_gmt":"2021-11-26T21:42:18","guid":{"rendered":"https:\/\/diarioregionaldigital.com.br\/?p=191613"},"modified":"2021-11-26T18:42:18","modified_gmt":"2021-11-26T21:42:18","slug":"cesama-realiza-interligacao-nesta-3a-30-e-regiao-leste-tem-abastecimento-comprometido","status":"publish","type":"post","link":"https:\/\/diarioregionaldigital.com.br\/?p=191613","title":{"rendered":"Cesama realiza interliga\u00e7\u00e3o nesta 3\u00aa, 30, e Regi\u00e3o Leste tem abastecimento comprometido"},"content":{"rendered":"<p>Segundo informa\u00e7\u00f5es do site da Prefeitura de Juiz de Fora, a Companhia de Saneamento Municipal (Cesama) da Prefeitura de Juiz de Fora ir\u00e1 realizar a interliga\u00e7\u00e3o da nova rede de suc\u00e7\u00e3o da elevat\u00f3ria de \u00e1gua Vitorino Braga ao sistema operacional da companhia na pr\u00f3xima ter\u00e7a-feira, 30. Os trabalhos estavam programados para esta semana, mas, por uma quest\u00e3o operacional, foi necess\u00e1rio adiar os servi\u00e7os, que ser\u00e3o executados de 8 \u00e0s 18h, pr\u00f3ximos \u00e0 Rua Capit\u00e3o Bicalho. Para isso, ser\u00e1 necess\u00e1rio interromper o fornecimento de \u00e1gua da regi\u00e3o, o que ir\u00e1 comprometer o abastecimento nas seguintes localidades: Vitorino Braga, Linhares, Boto, Porto Seguro, Recanto das Pedras, Vila Fortaleza, Jardim das Flores, Graja\u00fa, Alto Graja\u00fa, Santa Rita, Tr\u00eas Moinhos, Nossa Senhora Aparecida, S\u00e3o Jos\u00e9, S\u00e3o Benedito, S\u00e3o Bernardo, Santa C\u00e2ndida, Santos Anjos, Jardim do Sol, Bosque dos Pinheiros, Aracy, Bonsucesso e Parque ABC.<\/p>\n<p>A Cesama pede a compreens\u00e3o da popula\u00e7\u00e3o e orienta para que os moradores economizem \u00e1gua durante os servi\u00e7os. A previs\u00e3o \u00e9 de que o abastecimento seja regularizado ao longo da quarta-feira, 1\u00ba.<\/p>\n<p><b>Nova rede de suc\u00e7\u00e3o garante mais \u00e1gua para o Linhares e regi\u00e3o<\/b><\/p>\n<p>A rede de suc\u00e7\u00e3o que est\u00e1 sendo ampliada conta com um quil\u00f4metro de tubula\u00e7\u00e3o em ferro fundido, de 400 mil\u00edmetros de di\u00e2metro, j\u00e1 implantada nas ruas Vitorino Braga e Coronel J\u00falio Modesto, no bairro Vitorino Braga. A interliga\u00e7\u00e3o da rede instalada ser\u00e1 feita em duas etapas: de um lado, com a tubula\u00e7\u00e3o j\u00e1 existente na Avenida Brasil, que acontece na ter\u00e7a, 30 e, do outro, com a elevat\u00f3ria de \u00e1gua Vitorino\/Linhares, que ser\u00e1 feita posteriormente. A obra representa um investimento de mais de R$ 1,5 milh\u00e3o e tem como objetivo garantir maior disponibilidade de \u00e1gua para essa esta\u00e7\u00e3o elevat\u00f3ria e, consequentemente, para os moradores de Linhares e adjac\u00eancias. Os trabalhos devem ser conclu\u00eddos em dezembro deste ano.<\/p>\n","protected":false},"excerpt":{"rendered":"<p>Segundo informa\u00e7\u00f5es do site da Prefeitura de Juiz de Fora, a Companhia de Saneamento Municipal (Cesama) da Prefeitura de Juiz de Fora ir\u00e1 realizar a interliga\u00e7\u00e3o da nova rede de suc\u00e7\u00e3o da elevat\u00f3ria de \u00e1gua Vitorino Braga ao sistema operacional da companhia na pr\u00f3xima ter\u00e7a-feira, 30. Os trabalhos estavam programados para esta semana, mas, por [&hellip;]<\/p>\n","protected":false},"author":246,"featured_media":191614,"comment_status":"closed","ping_status":"closed","sticky":false,"template":"","format":"standard","meta":{"footnotes":""},"categories":[253,436],"tags":[],"class_list":["post-191613","post","type-post","status-publish","format-standard","has-post-thumbnail","hentry","category-cidade","category-destaque-da-semana"],"_links":{"self":[{"href":"https:\/\/diarioregionaldigital.com.br\/index.php?rest_route=\/wp\/v2\/posts\/191613","targetHints":{"allow":["GET"]}}],"collection":[{"href":"https:\/\/diarioregionaldigital.com.br\/index.php?rest_route=\/wp\/v2\/posts"}],"about":[{"href":"https:\/\/diarioregionaldigital.com.br\/index.php?rest_route=\/wp\/v2\/types\/post"}],"author":[{"embeddable":true,"href":"https:\/\/diarioregionaldigital.com.br\/index.php?rest_route=\/wp\/v2\/users\/246"}],"replies":[{"embeddable":true,"href":"https:\/\/diarioregionaldigital.com.br\/index.php?rest_route=%2Fwp%2Fv2%2Fcomments&post=191613"}],"version-history":[{"count":1,"href":"https:\/\/diarioregionaldigital.com.br\/index.php?rest_route=\/wp\/v2\/posts\/191613\/revisions"}],"predecessor-version":[{"id":191615,"href":"https:\/\/diarioregionaldigital.com.br\/index.php?rest_route=\/wp\/v2\/posts\/191613\/revisions\/191615"}],"wp:featuredmedia":[{"embeddable":true,"href":"https:\/\/diarioregionaldigital.com.br\/index.php?rest_route=\/wp\/v2\/media\/191614"}],"wp:attachment":[{"href":"https:\/\/diarioregionaldigital.com.br\/index.php?rest_route=%2Fwp%2Fv2%2Fmedia&parent=191613"}],"wp:term":[{"taxonomy":"category","embeddable":true,"href":"https:\/\/diarioregionaldigital.com.br\/index.php?rest_route=%2Fwp%2Fv2%2Fcategories&post=191613"},{"taxonomy":"post_tag","embeddable":true,"href":"https:\/\/diarioregionaldigital.com.br\/index.php?rest_route=%2Fwp%2Fv2%2Ftags&post=191613"}],"curies":[{"name":"wp","href":"https:\/\/api.w.org\/{rel}","templated":true}]}}