{"id":191609,"date":"2021-11-26T18:40:41","date_gmt":"2021-11-26T21:40:41","guid":{"rendered":"https:\/\/diarioregionaldigital.com.br\/?p=191609"},"modified":"2021-11-26T18:40:41","modified_gmt":"2021-11-26T21:40:41","slug":"pjf-debate-projeto-de-implantacao-de-ciclovia-na-cidade","status":"publish","type":"post","link":"https:\/\/diarioregionaldigital.com.br\/?p=191609","title":{"rendered":"PJF debate projeto de implanta\u00e7\u00e3o de ciclovia na cidade"},"content":{"rendered":"<p>Na tarde desta quinta-feira, 25, representantes de seis secretarias da Prefeitura de Juiz de Fora (PJF) se reuniram para debater a possibilidade de um projeto de implanta\u00e7\u00e3o de uma ciclovia no munic\u00edpio. Participaram do encontro representantes das secretarias de Planejamento Urbano (Sepur), Planejamento do Territ\u00f3rio e Participa\u00e7\u00e3o Popular (Seppop), Obras (SO), Mobilidade Urbana (SMU), Esporte e Lazer (SEL) e Secretaria de Desenvolvimento Sustent\u00e1vel e Inclusivo, da Inova\u00e7\u00e3o e Competitividade (Sedic).<\/p>\n<p>Segundo informa\u00e7\u00f5es do site da Prefeitura de Juiz de Fora, para a secret\u00e1ria da Sepur, Fab\u00edola Ramos, a ideia \u00e9 estimular o uso da bicicleta, tanto para o transporte, quanto para o lazer e o esporte, trazendo impactos positivos para o meio ambiente e a qualidade de vida do cidad\u00e3o: \u201co foco no autom\u00f3vel precisa ser superado para que possamos vencer os desafios de mobilidade urbana t\u00edpicos de cidades de m\u00e9dio e grande porte. Nossa inten\u00e7\u00e3o inicial \u00e9 criar uma rede ciclovi\u00e1ria principal, ao longo do Rio Paraibuna e dos grandes eixos vi\u00e1rios, que possa ser gradativamente segmentada para se interligar aos bairros que est\u00e3o no seu entorno\u201d.<\/p>\n<p>Segundo o secret\u00e1rio da Seppop, Martvs das Chagas, neste primeiro momento, foram apresentados poss\u00edveis modelos para o projeto, que integra a proposta de remodela\u00e7\u00e3o do sistema de transporte coletivo do munic\u00edpio. \u201cFuturamente, queremos levar esta quest\u00e3o para a sociedade. \u00c9 fundamental contar com um di\u00e1logo aberto e a participa\u00e7\u00e3o popular para escolher qual o modelo mais adequado para a cidade. Na sequ\u00eancia, ser\u00e1 iniciada tamb\u00e9m a fase de capta\u00e7\u00e3o de recursos para a obra\u201d, detalhou.<\/p>\n","protected":false},"excerpt":{"rendered":"<p>Na tarde desta quinta-feira, 25, representantes de seis secretarias da Prefeitura de Juiz de Fora (PJF) se reuniram para debater a possibilidade de um projeto de implanta\u00e7\u00e3o de uma ciclovia no munic\u00edpio. Participaram do encontro representantes das secretarias de Planejamento Urbano (Sepur), Planejamento do Territ\u00f3rio e Participa\u00e7\u00e3o Popular (Seppop), Obras (SO), Mobilidade Urbana (SMU), Esporte [&hellip;]<\/p>\n","protected":false},"author":246,"featured_media":191610,"comment_status":"closed","ping_status":"closed","sticky":false,"template":"","format":"standard","meta":{"footnotes":""},"categories":[253,436],"tags":[],"class_list":["post-191609","post","type-post","status-publish","format-standard","has-post-thumbnail","hentry","category-cidade","category-destaque-da-semana"],"_links":{"self":[{"href":"https:\/\/diarioregionaldigital.com.br\/index.php?rest_route=\/wp\/v2\/posts\/191609","targetHints":{"allow":["GET"]}}],"collection":[{"href":"https:\/\/diarioregionaldigital.com.br\/index.php?rest_route=\/wp\/v2\/posts"}],"about":[{"href":"https:\/\/diarioregionaldigital.com.br\/index.php?rest_route=\/wp\/v2\/types\/post"}],"author":[{"embeddable":true,"href":"https:\/\/diarioregionaldigital.com.br\/index.php?rest_route=\/wp\/v2\/users\/246"}],"replies":[{"embeddable":true,"href":"https:\/\/diarioregionaldigital.com.br\/index.php?rest_route=%2Fwp%2Fv2%2Fcomments&post=191609"}],"version-history":[{"count":2,"href":"https:\/\/diarioregionaldigital.com.br\/index.php?rest_route=\/wp\/v2\/posts\/191609\/revisions"}],"predecessor-version":[{"id":191612,"href":"https:\/\/diarioregionaldigital.com.br\/index.php?rest_route=\/wp\/v2\/posts\/191609\/revisions\/191612"}],"wp:featuredmedia":[{"embeddable":true,"href":"https:\/\/diarioregionaldigital.com.br\/index.php?rest_route=\/wp\/v2\/media\/191610"}],"wp:attachment":[{"href":"https:\/\/diarioregionaldigital.com.br\/index.php?rest_route=%2Fwp%2Fv2%2Fmedia&parent=191609"}],"wp:term":[{"taxonomy":"category","embeddable":true,"href":"https:\/\/diarioregionaldigital.com.br\/index.php?rest_route=%2Fwp%2Fv2%2Fcategories&post=191609"},{"taxonomy":"post_tag","embeddable":true,"href":"https:\/\/diarioregionaldigital.com.br\/index.php?rest_route=%2Fwp%2Fv2%2Ftags&post=191609"}],"curies":[{"name":"wp","href":"https:\/\/api.w.org\/{rel}","templated":true}]}}