{"id":191606,"date":"2021-11-26T18:35:49","date_gmt":"2021-11-26T21:35:49","guid":{"rendered":"https:\/\/diarioregionaldigital.com.br\/?p=191606"},"modified":"2021-11-26T18:35:49","modified_gmt":"2021-11-26T21:35:49","slug":"ss-reforca-pedido-de-vacinacao-contra-influenza-em-razao-do-aumento-de-casos-em-outras-cidades","status":"publish","type":"post","link":"https:\/\/diarioregionaldigital.com.br\/?p=191606","title":{"rendered":"SS refor\u00e7a pedido de vacina\u00e7\u00e3o contra Influenza em raz\u00e3o do aumento de casos em outras cidades"},"content":{"rendered":"<p>Com avan\u00e7o do n\u00famero de casos de H3N2 em algumas cidades brasileiras, como no caso do Rio de Janeiro, que sofre com um surto do v\u00edrus, a Secretaria de Sa\u00fade de Sa\u00fade (SS) da Prefeitura de Juiz de Fora (PJF) ressalta a import\u00e2ncia das pessoas buscarem a vacina contra a Influenza, que protege contra os principais v\u00edrus da gripe em circula\u00e7\u00e3o no Brasil, incluindo o H3N2 e o H1N1. A vacina\u00e7\u00e3o no munic\u00edpio acontece em 35 Unidades B\u00e1sicas de Sa\u00fade (UBSs), no Departamento de Sa\u00fade do Idoso (DSI), neste local destinada de forma exclusiva para os idosos a partir de 60 anos, e no Departamento de Sa\u00fade da Mulher Gestante Crian\u00e7a e Adolescente (DSMGCA), com foco na imuniza\u00e7\u00e3o de gestantes, pu\u00e9rperas e crian\u00e7as de colo.<\/p>\n<p>Segundo informa\u00e7\u00f5es do site da Prefeitura de Juiz de Fora, desde abril, a campanha de imuniza\u00e7\u00e3o contra a Influenza acontece em todo o pa\u00eds e, neste momento, todas as pessoas com mais de seis meses de idade podem receber a vacina. Com a procura abaixo do esperado pelo Minist\u00e9rio da Sa\u00fade (MS), a vacina\u00e7\u00e3o foi prorrogada novamente, estendendo-se at\u00e9 o dia 17 de dezembro. Em Juiz de Fora, 35 UBSs realizam a vacina\u00e7\u00e3o \u00e0 tarde, das 13h \u00e0s 16h, nas segundas, ter\u00e7as, quartas e sextas-feiras, enquanto \u00e0s quintas acontecem das 13h \u00e0s 14h. O DSI disponibiliza a vacina para idosos com 60 anos ou mais das 8h \u00e0s 11h e das 13h \u00e0s 16h, de segunda a sexta, enquanto o DSMGCA vacina tamb\u00e9m nos dias \u00fateis, das 8h \u00e0s 14h, as gr\u00e1vidas, pu\u00e9rperas mulheres com at\u00e9 seis meses de p\u00f3s-parto) e crian\u00e7as de colo.<\/p>\n<p>A secret\u00e1ria de Sa\u00fade, Ana Pimentel, ressalta os graves problemas de sa\u00fade p\u00fablica que os v\u00edrus da gripe podem trazer. Ela afirma que n\u00e3o podemos nos descuidar e devemos buscar pela vacina nas Unidades B\u00e1sicas de Sa\u00fade, onde ela \u00e9 disponibilizada de forma gratuita pelo SUS. \u201cNeste ano estamos todos concentrados em vencer a pandemia de Covid-19, mas n\u00e3o podemos nos esquecer de que existem outros v\u00edrus que circulam pelo nosso pa\u00eds. Um destes v\u00edrus \u00e9 a influenza, que pode causar gripes com sintomas fort\u00edssimos. A vacina est\u00e1 dispon\u00edvel na cidade e neste momento pe\u00e7o que todos procurem para vacinar\u201d.<\/p>\n<p>A supervisora do Setor de Imuniza\u00e7\u00f5es da SS refor\u00e7a que a vacina \u00e9 a melhor forma de combater os principais tipos de v\u00edrus da gripe que circulam no pa\u00eds. \u201cEstamos fazendo um apelo para que a popula\u00e7\u00e3o procure a UBS e para receber a vacina. N\u00e3o \u00e9 s\u00f3 se proteger contra a Covid-19, n\u00f3s temos v\u00e1rias outras doen\u00e7as, tamb\u00e9m com sintomas respirat\u00f3rios, como \u00e9 o caso da Influenza, que podem levar a hospitaliza\u00e7\u00e3o e at\u00e9 \u00e0 \u00f3bito.\u00c9 importante que n\u00f3s tenhamos um n\u00famero maior de pessoas vacinadas contra a Influenza, j\u00e1 que quanto mais pessoas protegidas, menor \u00e9 a circula\u00e7\u00e3o do v\u00edrus. Ao longo da pandemia, infelizmente, n\u00f3s tivemos uma queda muito grande nessa cobertura vacinal.<\/p>\n<p>A vacina funciona como uma barreira contra o v\u00edrus e se a gente deixar essa barreira aberta, acaba que o v\u00edrus consegue entrar novamente, por isso, \u00e9 muito importante a vacina\u00e7\u00e3o. Temos casos de Influenza pr\u00f3ximos ao nosso munic\u00edpio e at\u00e9 mesmo aqui em Juiz de Fora j\u00e1 foram identificados alguns casos.\u201d afirma Marcilene.<\/p>\n<p>Para receber a vacina contra a Influenza, as pessoas devem ir at\u00e9 um dos pontos de vacina\u00e7\u00e3o e apresentar um documento original com foto, como carteira de motorista ou documento de identidade (RG). A vacina oferecida \u00e9 a trivalente, capaz de proteger contra os tr\u00eas principais tipos de v\u00edrus \u201cda gripe\u201d em circula\u00e7\u00e3o: Influenza A (H1N1), Influenza A (H3N2) e Influenza B. A imuniza\u00e7\u00e3o previne complica\u00e7\u00f5es decorrentes da doen\u00e7a, \u00f3bitos e suas consequ\u00eancias sobre os servi\u00e7os de sa\u00fade, al\u00e9m de minimizar a carga viral, reduzindo os sintomas que podem ser confundidos com os da Covid-19.<\/p>\n<p><b>Quem recebeu a vacina contra Covid-19 tamb\u00e9m pode tomar a que imuniza contra a Influenza<\/b><\/p>\n<p>N\u00e3o h\u00e1 mais contraindica\u00e7\u00f5es para o recebimento concomitante da vacina contra a Influenza e contra a Covid-19 de forma concomitante. Portanto, quem tomou a vacina contra o coronav\u00edrus recentemente pode ser vacinado contra a gripe sem problemas.<\/p>\n<p><b>Confira os locais de vacina\u00e7\u00e3o contra a Influenza<\/b><\/p>\n<p><b>Departamento de Sa\u00fade do Idoso\u00a0<\/b>&#8211; 8h \u00e0s 11h e 13h \u00e0s 16h<br \/>\n&#8211; Vacina\u00e7\u00e3o de idosos com 60 anos ou mais.<br \/>\nRua Batista de Oliveira, 943, Granbery<\/p>\n<p><b>Departamento de Sa\u00fade da Mulher, Gestante, Crian\u00e7a e Adolescente (DSMGCA)\u00a0<\/b>&#8211; das 8h \u00e0s 14h<br \/>\n&#8211; Vacina\u00e7\u00e3o focada nas gr\u00e1vidas, pu\u00e9rperas e crian\u00e7as de colo.<br \/>\nRua S\u00e3o Sebasti\u00e3o, 772\/776, Centro.<\/p>\n<p><b>35 UBSs que disponibilizam a vacina contra Influenza \u00e0 tarde:<\/b><br \/>\n&#8211; UBS Alto Graja\u00fa, Rua Doutor Leonel Jaguaribe, 178;<br \/>\n&#8211; UBS Bairro Industrial, Rua Jo\u00e3o Gualberto,110;<br \/>\n&#8211; UBS Barreira do Triunfo, Avenida Juscelino Kubitscheck, s\/n\u00ba;<br \/>\n&#8211; UBS Borboleta, Rua Tenente Paulo Maria Delage, 229;<br \/>\n&#8211; UBS Centro Sul, Av. Bar\u00e3o do Rio Branco, 3132, Centro;<br \/>\n&#8211; UBS Cidade do Sol, Rua Gustavo Capanema, 70;<br \/>\n&#8211; UBS Dom Bosco, Rua Jo\u00e3o Manata, 93;<br \/>\n&#8211; UBS Esplanada, Rua Bias Fortes, 74;<br \/>\n&#8211; UBS Filgueiras, Rua Orlando Riani, 2.200;<br \/>\n&#8211; UBS Furtado de Menezes, Rua Furtado de Menezes, 19 \u00c0;<br \/>\n&#8211; UBS Grama, Pra\u00e7a \u00c1ureo Carneiro s\/n;<br \/>\n&#8211; UBS Granjas Beth\u00e2nia, Rua Nove de Julho, 294;<br \/>\n&#8211; UBS Ipiranga, Rua Etiene Loures, 85;<br \/>\n&#8211; UBS Jardim da Lua, Rua Natalino Jos\u00e9 de Paula, 314;<br \/>\n&#8211; UBS Jardim Esperan\u00e7a, Rua Padre Jo\u00e3o Micheleto, 35;<br \/>\n&#8211; UBS Jardim Natal, Rua Tenente Lucas Drumond, 370;<br \/>\n&#8211; UBS Joquei Clube I, Rua Antonio Armando Pereira, 140;<br \/>\n&#8211; UBS Joquei Clube II, Rua Ant\u00f4nio Guimar\u00e3es Peralva, 130;<br \/>\n&#8211; UBS Linhares, Rua Ministro Odilon Braga, s\/n\u00ba;<br \/>\n&#8211; UBS Marumbi, Rua Bar\u00e3o do Retiro, 1.462;<br \/>\n&#8211; UBS Monte Castelo, Rua Doutor Oswaldo Mascarenhas, s\/n\u00ba;<br \/>\n&#8211; UBS Nossa Senhora das Gra\u00e7as, Rua Queluz 72;<br \/>\n&#8211; UBS Nova Era, Rua Guimar\u00e3es J\u00fanior, 850;<br \/>\n&#8211; UBS Parque Guarani, Rua Sofia Rafael Zacarias, 685;<br \/>\n&#8211; UBS Retiro, Rua Sebasti\u00e3o Cardoso, 41;<br \/>\n&#8211; UBS Santa Efig\u00eania, Rua Jos\u00e9 Ferreira, 13;<br \/>\n&#8211; UBS Santa Rita, Rua Jos\u00e9 Vicente, 390;<br \/>\n&#8211; UBS Santo Ant\u00f4nio, Rua Pedro Trogo, 285;<br \/>\n&#8211; UBS Santos Dumont; Rua \u00c1lvaro Jos\u00e9 Rodrigues, 25;<br \/>\n&#8211; UBS S\u00e3o Judas Tadeu; Rua Ernesto Pancini, 446;<br \/>\n&#8211; UBS S\u00e3o Sebasti\u00e3o; Rua Jorge Raimundo, 209;<br \/>\n&#8211; UBS Teixeiras; Rua Cust\u00f3dio Furtado de Souza, 131;<br \/>\n&#8211; UBS Vale Verde; Rua Marciano Pinto, 685;<br \/>\n&#8211; UBS Vila Ideal; Avenida Francisco Valadares, 1.910;<br \/>\n&#8211; UBS Vila Olavo Costa; Rua Jacinto Marcelino, 16.<\/p>\n","protected":false},"excerpt":{"rendered":"<p>Com avan\u00e7o do n\u00famero de casos de H3N2 em algumas cidades brasileiras, como no caso do Rio de Janeiro, que sofre com um surto do v\u00edrus, a Secretaria de Sa\u00fade de Sa\u00fade (SS) da Prefeitura de Juiz de Fora (PJF) ressalta a import\u00e2ncia das pessoas buscarem a vacina contra a Influenza, que protege contra os [&hellip;]<\/p>\n","protected":false},"author":246,"featured_media":191607,"comment_status":"closed","ping_status":"closed","sticky":false,"template":"","format":"standard","meta":{"footnotes":""},"categories":[253,436,440,439],"tags":[],"class_list":["post-191606","post","type-post","status-publish","format-standard","has-post-thumbnail","hentry","category-cidade","category-destaque-da-semana","category-destaques-do-dia","category-ultima-hora"],"_links":{"self":[{"href":"https:\/\/diarioregionaldigital.com.br\/index.php?rest_route=\/wp\/v2\/posts\/191606","targetHints":{"allow":["GET"]}}],"collection":[{"href":"https:\/\/diarioregionaldigital.com.br\/index.php?rest_route=\/wp\/v2\/posts"}],"about":[{"href":"https:\/\/diarioregionaldigital.com.br\/index.php?rest_route=\/wp\/v2\/types\/post"}],"author":[{"embeddable":true,"href":"https:\/\/diarioregionaldigital.com.br\/index.php?rest_route=\/wp\/v2\/users\/246"}],"replies":[{"embeddable":true,"href":"https:\/\/diarioregionaldigital.com.br\/index.php?rest_route=%2Fwp%2Fv2%2Fcomments&post=191606"}],"version-history":[{"count":1,"href":"https:\/\/diarioregionaldigital.com.br\/index.php?rest_route=\/wp\/v2\/posts\/191606\/revisions"}],"predecessor-version":[{"id":191608,"href":"https:\/\/diarioregionaldigital.com.br\/index.php?rest_route=\/wp\/v2\/posts\/191606\/revisions\/191608"}],"wp:featuredmedia":[{"embeddable":true,"href":"https:\/\/diarioregionaldigital.com.br\/index.php?rest_route=\/wp\/v2\/media\/191607"}],"wp:attachment":[{"href":"https:\/\/diarioregionaldigital.com.br\/index.php?rest_route=%2Fwp%2Fv2%2Fmedia&parent=191606"}],"wp:term":[{"taxonomy":"category","embeddable":true,"href":"https:\/\/diarioregionaldigital.com.br\/index.php?rest_route=%2Fwp%2Fv2%2Fcategories&post=191606"},{"taxonomy":"post_tag","embeddable":true,"href":"https:\/\/diarioregionaldigital.com.br\/index.php?rest_route=%2Fwp%2Fv2%2Ftags&post=191606"}],"curies":[{"name":"wp","href":"https:\/\/api.w.org\/{rel}","templated":true}]}}