{"id":191603,"date":"2021-11-26T18:26:19","date_gmt":"2021-11-26T21:26:19","guid":{"rendered":"https:\/\/diarioregionaldigital.com.br\/?p=191603"},"modified":"2021-11-26T18:26:19","modified_gmt":"2021-11-26T21:26:19","slug":"brasil-tera-11-atletas-no-sul-americano-adulto-de-esgrima","status":"publish","type":"post","link":"https:\/\/diarioregionaldigital.com.br\/?p=191603","title":{"rendered":"Brasil ter\u00e1 11 atletas no Sul-Americano Adulto de esgrima"},"content":{"rendered":"<p>Nesta segunda-feira (22), a Confedera\u00e7\u00e3o Brasileira de Esgrima (CBE) divulgou a lista de inscritos para representar o pa\u00eds no Sul-Americano Adulto de Esgrima. Este ser\u00e1 o \u00faltimo desafio dos atletas do pa\u00eds na temporada 2021.<\/p>\n<p>A competi\u00e7\u00e3o ser\u00e1 no Casino de La Policia, em Lima, capital peruana, de 11 a 17 de dezembro. A Am\u00e9rica do Sul n\u00e3o realiza competi\u00e7\u00f5es adultas de esgrima desde 2019. Recentemente, no m\u00eas de outubro, a Col\u00f4mbia sediou o Sul-Americano Pr\u00e9-Cadete, Cadete e Juvenil, na cidade de Ibagu\u00e9.<\/p>\n<p>O Brasil vai para a competi\u00e7\u00e3o com 11 atletas. Tabea Alves (AMK), Fernanda Camargo (AMK) e Marcela Silva (Pinheiros), no feminino, e, Alexandre Camargo (AMK), Leopoldo Gubert (AMK), Fabrizio Lazzarotto (AMK) e Amaury Petterle (CDE), no masculino, s\u00e3o os representantes na espada. Giovanni De Nigris (Paulistano), Heitor Shimbo (Pinheiros) e Pierre Souza (Pinheiros) disputam as provas de florete. E, por fim, Fernando Scavasin (Pinheiros) estar\u00e1 presente nas competi\u00e7\u00f5es de sabre e florete.<\/p>\n<p>Os atletas brasileiros ter\u00e3o as orienta\u00e7\u00f5es dos mestres Marcos Cardoso e Fernando Kato. O chefe de equipe ser\u00e1 o mestre R\u00e9gis Trois. O Brasil enviar\u00e1 tamb\u00e9m dois \u00e1rbitros: Carolina Anzolin e Paulo Juan Veloso.<\/p>\n<p><span style=\"font-weight: 400;\">Fonte:\u00a0 Confedera\u00e7\u00e3o Brasileira de Esgrima<\/span><\/p>\n","protected":false},"excerpt":{"rendered":"<p>Nesta segunda-feira (22), a Confedera\u00e7\u00e3o Brasileira de Esgrima (CBE) divulgou a lista de inscritos para representar o pa\u00eds no Sul-Americano Adulto de Esgrima. Este ser\u00e1 o \u00faltimo desafio dos atletas do pa\u00eds na temporada 2021. A competi\u00e7\u00e3o ser\u00e1 no Casino de La Policia, em Lima, capital peruana, de 11 a 17 de dezembro. A Am\u00e9rica [&hellip;]<\/p>\n","protected":false},"author":246,"featured_media":191604,"comment_status":"closed","ping_status":"closed","sticky":false,"template":"","format":"standard","meta":{"footnotes":""},"categories":[436,257],"tags":[],"class_list":["post-191603","post","type-post","status-publish","format-standard","has-post-thumbnail","hentry","category-destaque-da-semana","category-esporte"],"_links":{"self":[{"href":"https:\/\/diarioregionaldigital.com.br\/index.php?rest_route=\/wp\/v2\/posts\/191603","targetHints":{"allow":["GET"]}}],"collection":[{"href":"https:\/\/diarioregionaldigital.com.br\/index.php?rest_route=\/wp\/v2\/posts"}],"about":[{"href":"https:\/\/diarioregionaldigital.com.br\/index.php?rest_route=\/wp\/v2\/types\/post"}],"author":[{"embeddable":true,"href":"https:\/\/diarioregionaldigital.com.br\/index.php?rest_route=\/wp\/v2\/users\/246"}],"replies":[{"embeddable":true,"href":"https:\/\/diarioregionaldigital.com.br\/index.php?rest_route=%2Fwp%2Fv2%2Fcomments&post=191603"}],"version-history":[{"count":1,"href":"https:\/\/diarioregionaldigital.com.br\/index.php?rest_route=\/wp\/v2\/posts\/191603\/revisions"}],"predecessor-version":[{"id":191605,"href":"https:\/\/diarioregionaldigital.com.br\/index.php?rest_route=\/wp\/v2\/posts\/191603\/revisions\/191605"}],"wp:featuredmedia":[{"embeddable":true,"href":"https:\/\/diarioregionaldigital.com.br\/index.php?rest_route=\/wp\/v2\/media\/191604"}],"wp:attachment":[{"href":"https:\/\/diarioregionaldigital.com.br\/index.php?rest_route=%2Fwp%2Fv2%2Fmedia&parent=191603"}],"wp:term":[{"taxonomy":"category","embeddable":true,"href":"https:\/\/diarioregionaldigital.com.br\/index.php?rest_route=%2Fwp%2Fv2%2Fcategories&post=191603"},{"taxonomy":"post_tag","embeddable":true,"href":"https:\/\/diarioregionaldigital.com.br\/index.php?rest_route=%2Fwp%2Fv2%2Ftags&post=191603"}],"curies":[{"name":"wp","href":"https:\/\/api.w.org\/{rel}","templated":true}]}}