{"id":191600,"date":"2021-11-26T18:23:06","date_gmt":"2021-11-26T21:23:06","guid":{"rendered":"https:\/\/diarioregionaldigital.com.br\/?p=191600"},"modified":"2021-11-26T18:23:06","modified_gmt":"2021-11-26T21:23:06","slug":"brasil-leva-358-atletas-ao-pan-junior-com-12-atletas-que-estiveram-em-toquio","status":"publish","type":"post","link":"https:\/\/diarioregionaldigital.com.br\/?p=191600","title":{"rendered":"Brasil leva 358 atletas ao Pan J\u00fanior, com 12 atletas que estiveram em T\u00f3quio"},"content":{"rendered":"<p>A primeira edi\u00e7\u00e3o dos Jogos Pan-Americanos J\u00fanior Cali 2021 marca oficialmente o in\u00edcio do novo ciclo ol\u00edmpico para o Time Brasil. Com o objetivo de dar maior experi\u00eancia internacional a uma gera\u00e7\u00e3o promissora, o Comit\u00ea Ol\u00edmpico do Brasil leva \u00e0 Col\u00f4mbia uma delega\u00e7\u00e3o numerosa, composta por 358 atletas, que supera os 317 presentes em T\u00f3quio 2020. Uma oportunidade \u00fanica para a retomada de suas carreiras, ap\u00f3s quase dois anos de pandemia. O evento ser\u00e1 de 25 de novembro a 5 de dezembro e o Brasil est\u00e1 inscrito em 38 das 39 modalidades.<\/p>\n<p>\u201cA falta de competi\u00e7\u00f5es nesta etapa da forma\u00e7\u00e3o esportiva pode gerar in\u00fameras implica\u00e7\u00f5es. Em Cali, eles ter\u00e3o a chance de se apresentar, buscar espa\u00e7o internacional e participar de um evento multiesportivo, convivendo com atletas de outros esportes e, em certas modalidades, enfrentando advers\u00e1rios de bom n\u00edvel t\u00e9cnico\u201d, explica o diretor de Esportes do COB, Jorge Bichara.<\/p>\n<p>A relev\u00e2ncia esportiva de Cali 2021 pode ser justificada ainda pela distribui\u00e7\u00e3o de vagas, sobretudo em provas individuais, para os Jogos Pan-Americanos Santiago 2023. Dentre as 38 modalidades que o Brasil est\u00e1 inscrito, somente tr\u00eas n\u00e3o s\u00e3o classificat\u00f3rias: esgrima, handebol e nado art\u00edstico.<\/p>\n<p>A delega\u00e7\u00e3o brasileira na competi\u00e7\u00e3o Sub-23 conta com 12 atletas que estiveram nos Jogos de T\u00f3quio: P\u00e2mela Rosa, do skate; Kawan Pereira, dos saltos ornamentais; Ana Vieira, Beatriz Dizotti, Breno Correia, Matheus Gonche e Stephanie Balduccini, da nata\u00e7\u00e3o; e Chayenne da Silva, Ketiley Batista, Lucas Vilar, Matheus Correa e Tiffani Marinho, do atletismo.<\/p>\n<p>Nomes de peso tamb\u00e9m est\u00e3o presentes fora dos campos de jogo. Renan Dal Zotto (v\u00f4lei masculino), Marcos Goto (gin\u00e1stica art\u00edstica masculina) e Marco Vasconcelos (badminton) s\u00e3o tr\u00eas dos grandes treinadores do pa\u00eds na atualidade.<\/p>\n<p>\u201cA equipe que est\u00e1 em Cali \u00e9 qualificada, permitindo que busquemos bons resultados e o maior n\u00famero poss\u00edvel de vagas para o Pan de Santiago. Isso sem falar que alguns nomes que se destacarem certamente estar\u00e3o em Paris 2024\u201d, diz o vice-presidente do COB e Chefe de Miss\u00e3o em Cali, Marco La Porta.<\/p>\n<p><strong>Protocolos sanit\u00e1rios<\/strong><\/p>\n<p>Para viajar \u00e0 Col\u00f4mbia, os integrantes da delega\u00e7\u00e3o brasileira precisaram cumprir uma s\u00e9rie de protocolos m\u00e9dicos, como realizar uma bateria de exames cl\u00ednicos. Todos fizeram dois testes PCRs, a cinco e a dois dias do voo internacional, e um ant\u00edgeno, na v\u00e9spera do embarque. No pa\u00eds-sede dos Jogos, eles passar\u00e3o ainda por novos exames contra Covid-19 a cada quatro dias.<\/p>\n<p>A entrada no pa\u00eds s\u00f3 foi permitida com o certificado internacional de vacina\u00e7\u00e3o contra febre amarela. Em rela\u00e7\u00e3o \u00e0 Covid-19, a obrigatoriedade era que maiores de 18 anos j\u00e1 estivessem imunizados com as duas doses e menores de idade, uma.<\/p>\n<p>Ainda assim, o deslocamento da delega\u00e7\u00e3o brasileira se limita ao trajeto hotel-instala\u00e7\u00e3o oficial-hotel, sendo proibida a circula\u00e7\u00e3o nas ruas ou demais estabelecimentos, casos de shoppings, lojas e farm\u00e1cias. O uso de m\u00e1scaras N95 tamb\u00e9m \u00e9 obrigat\u00f3rio, inclusive em academias, sem falar na ado\u00e7\u00e3o das j\u00e1 tradicionais medidas preventivas, como higieniza\u00e7\u00e3o das m\u00e3os e distanciamento social.<\/p>\n<p>Fonte: Comit\u00ea Ol\u00edmpico do Brasil<\/p>\n","protected":false},"excerpt":{"rendered":"<p>A primeira edi\u00e7\u00e3o dos Jogos Pan-Americanos J\u00fanior Cali 2021 marca oficialmente o in\u00edcio do novo ciclo ol\u00edmpico para o Time Brasil. Com o objetivo de dar maior experi\u00eancia internacional a uma gera\u00e7\u00e3o promissora, o Comit\u00ea Ol\u00edmpico do Brasil leva \u00e0 Col\u00f4mbia uma delega\u00e7\u00e3o numerosa, composta por 358 atletas, que supera os 317 presentes em T\u00f3quio [&hellip;]<\/p>\n","protected":false},"author":246,"featured_media":191601,"comment_status":"closed","ping_status":"closed","sticky":false,"template":"","format":"standard","meta":{"footnotes":""},"categories":[436,257],"tags":[],"class_list":["post-191600","post","type-post","status-publish","format-standard","has-post-thumbnail","hentry","category-destaque-da-semana","category-esporte"],"_links":{"self":[{"href":"https:\/\/diarioregionaldigital.com.br\/index.php?rest_route=\/wp\/v2\/posts\/191600","targetHints":{"allow":["GET"]}}],"collection":[{"href":"https:\/\/diarioregionaldigital.com.br\/index.php?rest_route=\/wp\/v2\/posts"}],"about":[{"href":"https:\/\/diarioregionaldigital.com.br\/index.php?rest_route=\/wp\/v2\/types\/post"}],"author":[{"embeddable":true,"href":"https:\/\/diarioregionaldigital.com.br\/index.php?rest_route=\/wp\/v2\/users\/246"}],"replies":[{"embeddable":true,"href":"https:\/\/diarioregionaldigital.com.br\/index.php?rest_route=%2Fwp%2Fv2%2Fcomments&post=191600"}],"version-history":[{"count":1,"href":"https:\/\/diarioregionaldigital.com.br\/index.php?rest_route=\/wp\/v2\/posts\/191600\/revisions"}],"predecessor-version":[{"id":191602,"href":"https:\/\/diarioregionaldigital.com.br\/index.php?rest_route=\/wp\/v2\/posts\/191600\/revisions\/191602"}],"wp:featuredmedia":[{"embeddable":true,"href":"https:\/\/diarioregionaldigital.com.br\/index.php?rest_route=\/wp\/v2\/media\/191601"}],"wp:attachment":[{"href":"https:\/\/diarioregionaldigital.com.br\/index.php?rest_route=%2Fwp%2Fv2%2Fmedia&parent=191600"}],"wp:term":[{"taxonomy":"category","embeddable":true,"href":"https:\/\/diarioregionaldigital.com.br\/index.php?rest_route=%2Fwp%2Fv2%2Fcategories&post=191600"},{"taxonomy":"post_tag","embeddable":true,"href":"https:\/\/diarioregionaldigital.com.br\/index.php?rest_route=%2Fwp%2Fv2%2Ftags&post=191600"}],"curies":[{"name":"wp","href":"https:\/\/api.w.org\/{rel}","templated":true}]}}