{"id":191594,"date":"2021-11-26T18:11:07","date_gmt":"2021-11-26T21:11:07","guid":{"rendered":"https:\/\/diarioregionaldigital.com.br\/?p=191594"},"modified":"2021-11-26T18:11:07","modified_gmt":"2021-11-26T21:11:07","slug":"calderano-chega-as-oitavas-e-iguala-melhores-campanhas-brasileiras-em-mundiais","status":"publish","type":"post","link":"https:\/\/diarioregionaldigital.com.br\/?p=191594","title":{"rendered":"Calderano chega \u00e0s oitavas e iguala melhores campanhas brasileiras em mundiais"},"content":{"rendered":"<p>O brasileiro Hugo Calderano igualou, no in\u00edcio da madrugada desta sexta-feira (26.11), a melhor campanha do pa\u00eds em mundiais de t\u00eanis de mesa. Jogando no George R. Brown Convention Center, em Houston, nos Estados Unidos, o n\u00famero 4 do ranking mundial bateu o belga Cedric Nuytinck (75\u00b0), por 4 sets a 3 (11\/6, 11\/8, 6\/11, 8\/11, 11\/7, 7\/11 e 11\/5), pela fase de 32 do torneio individual masculino.<\/p>\n<p>A etapa seguinte \u00e9 a barreira onde ele e outros dois mesa-tenistas brilhantes pararam em anos anteriores. Ap\u00f3s bater o chin\u00eas campe\u00e3o mundial Ruo Guotan, em Pequim, no ano de 1961, Ubiraci Rodrigues da Costa, o Biriba, caiu nas oitavas daquele ano. Claudio Kano, em 1987, na cidade de Nova D\u00e9li, tamb\u00e9m encerrou ali a participa\u00e7\u00e3o. E o pr\u00f3prio Calderano, em Budapeste, no torneio de 2019, parou diante do chin\u00eas Ma Long, que se sagraria tricampe\u00e3o mundial na sequ\u00eancia.<\/p>\n<p>Desta vez, as chances de ir al\u00e9m s\u00e3o maiores. Calderano \u00e9 o cabe\u00e7a de chave n\u00famero 3 do evento e vai encarar o esloveno Darko Jorgic, n\u00famero 23 do mundo. Um advers\u00e1rio conhecido, j\u00e1 que se enfrentaram algumas vezes quando o brasileiro atuava na Bundesliga, a liga alem\u00e3. J\u00e1 os dois confrontos internacionais entre eles aconteceram neste ano, com uma vit\u00f3ria para cada lado. O \u00faltimo duelo foi na final do WTT Star Contender do Catar, e o carioca levou a melhor.<\/p>\n<p>O hor\u00e1rio do duelo desta sexta-feira ainda n\u00e3o foi divulgado pela Federa\u00e7\u00e3o Internacional de T\u00eanis de Mesa (ITTF). Caso passe, o brasileiro certamente ter\u00e1 uma pedreira pela frente nas quartas de final: o chin\u00eas Liang Jingkun ou o ingl\u00eas Liam Pitchford.<\/p>\n<p>Partida dura<\/p>\n<p>O jogo contra o gigante canhoto Cedric Nuytinck era cercada de expectativa. Al\u00e9m de jamais ter vencido o europeu, Calderano sofreu uma amarga derrota na \u00faltima vez em que se encontraram, no Platinum do Catar, quando foi eliminado na estreia. O panorama mudou de l\u00e1 para c\u00e1, mas o belga continuou sendo um desafio.<\/p>\n<p>O primeiro set at\u00e9 come\u00e7ou equilibrado, mas a partir do empate em 5 a 5, Calderano come\u00e7ou a dificultar a recep\u00e7\u00e3o do belga e abriu vantagem, fechando em 11 x 6. Na segunda parcial, Nuytinck come\u00e7ou melhor e abriu 4 a 0. O brasileiro foi buscar, conseguiu a virada e conseguiu impor seu jogo nos momentos finais do set.<\/p>\n<p>O belga dominou boa parte do terceiro set. Chegou a ter 8 a 3 no placar, mas Calderano esbo\u00e7ou a rea\u00e7\u00e3o, o que fez com que o t\u00e9cnico de Nuytinck pedisse tempo, que se refletiu imediatamente na mesa, com tr\u00eas pontos consecutivos que encerraram a parcial. As coisas continuaram complicadas no quarto set, quando o europeu abriu 5 a 1. O brasileiro ainda melhorou o saque e contra-ataque, mas n\u00e3o foi o suficiente para evitar o empate no jogo.<\/p>\n<p>Calderano voltou a dominar as a\u00e7\u00f5es na sequ\u00eancia. Eficiente no saque e recep\u00e7\u00e3o, n\u00e3o deu oportunidades ao advers\u00e1rio no quinto set. Mas sofreu novo rev\u00e9s na sexta parcial, com Nuytinck dominando a mesa. No tie-break, Calderano encontrou a f\u00f3rmula para dominar a recep\u00e7\u00e3o no saque do advers\u00e1rio. Fez todos os pontos no servi\u00e7o do belga e fechou o jogo em 11 x 5.<\/p>\n<p>Fonte: Confedera\u00e7\u00e3o Brasileira de T\u00eanis de Mesa<\/p>\n","protected":false},"excerpt":{"rendered":"<p>O brasileiro Hugo Calderano igualou, no in\u00edcio da madrugada desta sexta-feira (26.11), a melhor campanha do pa\u00eds em mundiais de t\u00eanis de mesa. Jogando no George R. Brown Convention Center, em Houston, nos Estados Unidos, o n\u00famero 4 do ranking mundial bateu o belga Cedric Nuytinck (75\u00b0), por 4 sets a 3 (11\/6, 11\/8, 6\/11, [&hellip;]<\/p>\n","protected":false},"author":246,"featured_media":191595,"comment_status":"closed","ping_status":"closed","sticky":false,"template":"","format":"standard","meta":{"footnotes":""},"categories":[436,440,257,439],"tags":[],"class_list":["post-191594","post","type-post","status-publish","format-standard","has-post-thumbnail","hentry","category-destaque-da-semana","category-destaques-do-dia","category-esporte","category-ultima-hora"],"_links":{"self":[{"href":"https:\/\/diarioregionaldigital.com.br\/index.php?rest_route=\/wp\/v2\/posts\/191594","targetHints":{"allow":["GET"]}}],"collection":[{"href":"https:\/\/diarioregionaldigital.com.br\/index.php?rest_route=\/wp\/v2\/posts"}],"about":[{"href":"https:\/\/diarioregionaldigital.com.br\/index.php?rest_route=\/wp\/v2\/types\/post"}],"author":[{"embeddable":true,"href":"https:\/\/diarioregionaldigital.com.br\/index.php?rest_route=\/wp\/v2\/users\/246"}],"replies":[{"embeddable":true,"href":"https:\/\/diarioregionaldigital.com.br\/index.php?rest_route=%2Fwp%2Fv2%2Fcomments&post=191594"}],"version-history":[{"count":1,"href":"https:\/\/diarioregionaldigital.com.br\/index.php?rest_route=\/wp\/v2\/posts\/191594\/revisions"}],"predecessor-version":[{"id":191596,"href":"https:\/\/diarioregionaldigital.com.br\/index.php?rest_route=\/wp\/v2\/posts\/191594\/revisions\/191596"}],"wp:featuredmedia":[{"embeddable":true,"href":"https:\/\/diarioregionaldigital.com.br\/index.php?rest_route=\/wp\/v2\/media\/191595"}],"wp:attachment":[{"href":"https:\/\/diarioregionaldigital.com.br\/index.php?rest_route=%2Fwp%2Fv2%2Fmedia&parent=191594"}],"wp:term":[{"taxonomy":"category","embeddable":true,"href":"https:\/\/diarioregionaldigital.com.br\/index.php?rest_route=%2Fwp%2Fv2%2Fcategories&post=191594"},{"taxonomy":"post_tag","embeddable":true,"href":"https:\/\/diarioregionaldigital.com.br\/index.php?rest_route=%2Fwp%2Fv2%2Ftags&post=191594"}],"curies":[{"name":"wp","href":"https:\/\/api.w.org\/{rel}","templated":true}]}}