{"id":191591,"date":"2021-11-26T18:00:20","date_gmt":"2021-11-26T21:00:20","guid":{"rendered":"https:\/\/diarioregionaldigital.com.br\/?p=191591"},"modified":"2021-11-26T18:00:20","modified_gmt":"2021-11-26T21:00:20","slug":"senado-aprova-projeto-de-programa-para-navegacao-de-cabotagem","status":"publish","type":"post","link":"https:\/\/diarioregionaldigital.com.br\/?p=191591","title":{"rendered":"Senado aprova projeto de programa para navega\u00e7\u00e3o de cabotagem"},"content":{"rendered":"<p>O Senado aprovou hoje (25) o projeto de lei que institui o Programa de Est\u00edmulo ao Transporte por Cabotagem, que criar\u00e1 uma via para a movimenta\u00e7\u00e3o de cargas entre portos dentro do pa\u00eds. A proposta sofreu altera\u00e7\u00f5es e voltar\u00e1 para a C\u00e2mara dos Deputados.<img decoding=\"async\" src=\"https:\/\/agenciabrasil.ebc.com.br\/ebc.png?id=1429077&amp;o=node\" \/><img decoding=\"async\" src=\"https:\/\/agenciabrasil.ebc.com.br\/ebc.gif?id=1429077&amp;o=node\" \/><\/p>\n<p>O projeto que cria a BR do Mar, como foi batizado o programa, \u00e9 considerado priorit\u00e1rio pelo governo federal, que trabalha pela aprova\u00e7\u00e3o da proposta antes do fim do ano. O projeto pretende facilitar a entrada de novas empresas de transporte de cargas, derrubando o pre\u00e7o do frete e incentivando o transporte por navega\u00e7\u00e3o.<\/p>\n<p>O texto prev\u00ea a cria\u00e7\u00e3o da Empresa Brasileira de Investimento na Navega\u00e7\u00e3o (EBN-i), que deve montar uma frota e fretar as embarca\u00e7\u00f5es para as empresas brasileiras de navega\u00e7\u00e3o (EBNs) operarem, dispensando a necessidade de estas investirem em frota pr\u00f3pria. O projeto amplia a destina\u00e7\u00e3o de recursos do Fundo da Marinha Mercante (FMM), permitindo que os recursos do fundo sejam usados para outras possibilidades, como manuten\u00e7\u00f5es preventivas nas embarca\u00e7\u00f5es.<\/p>\n<p>A principal mudan\u00e7a foi a aprova\u00e7\u00e3o de dispositivos que pretendem estimular a entrada de novas empresas de navega\u00e7\u00e3o sem embarca\u00e7\u00f5es pr\u00f3prias no mercado de cabotagem. O texto tamb\u00e9m permite que a EBN-i constitua subsidi\u00e1ria estrangeira para reduzir custos e dar mais regularidade ao servi\u00e7o e previsibilidade ao pre\u00e7o dos fretes.<\/p>\n<p><strong>Teste do pezinho<\/strong><\/p>\n<p>O Senado tamb\u00e9m aprovou o projeto que amplia o alcance do exame conhecido como teste do pezinho, que detecta doen\u00e7as em rec\u00e9m-nascidos. De autoria dos senadores Mara Gabrilli (PSDB-SP) e Jorge Kajuru (Podemos-GO), a proposta modifica o Estatuto da Crian\u00e7a e do Adolescente para incluir, no teste, doen\u00e7as como distrofias musculares e outras enfermidades neuromusculares. O projeto segue para an\u00e1lise da C\u00e2mara dos Deputados.<\/p>\n<p><span style=\"font-weight: 400;\">Fonte: Ag\u00eancia Brasil <\/span><\/p>\n","protected":false},"excerpt":{"rendered":"<p>O Senado aprovou hoje (25) o projeto de lei que institui o Programa de Est\u00edmulo ao Transporte por Cabotagem, que criar\u00e1 uma via para a movimenta\u00e7\u00e3o de cargas entre portos dentro do pa\u00eds. A proposta sofreu altera\u00e7\u00f5es e voltar\u00e1 para a C\u00e2mara dos Deputados. O projeto que cria a BR do Mar, como foi batizado [&hellip;]<\/p>\n","protected":false},"author":246,"featured_media":191592,"comment_status":"closed","ping_status":"closed","sticky":false,"template":"","format":"standard","meta":{"footnotes":""},"categories":[436,254],"tags":[],"class_list":["post-191591","post","type-post","status-publish","format-standard","has-post-thumbnail","hentry","category-destaque-da-semana","category-politica"],"_links":{"self":[{"href":"https:\/\/diarioregionaldigital.com.br\/index.php?rest_route=\/wp\/v2\/posts\/191591","targetHints":{"allow":["GET"]}}],"collection":[{"href":"https:\/\/diarioregionaldigital.com.br\/index.php?rest_route=\/wp\/v2\/posts"}],"about":[{"href":"https:\/\/diarioregionaldigital.com.br\/index.php?rest_route=\/wp\/v2\/types\/post"}],"author":[{"embeddable":true,"href":"https:\/\/diarioregionaldigital.com.br\/index.php?rest_route=\/wp\/v2\/users\/246"}],"replies":[{"embeddable":true,"href":"https:\/\/diarioregionaldigital.com.br\/index.php?rest_route=%2Fwp%2Fv2%2Fcomments&post=191591"}],"version-history":[{"count":1,"href":"https:\/\/diarioregionaldigital.com.br\/index.php?rest_route=\/wp\/v2\/posts\/191591\/revisions"}],"predecessor-version":[{"id":191593,"href":"https:\/\/diarioregionaldigital.com.br\/index.php?rest_route=\/wp\/v2\/posts\/191591\/revisions\/191593"}],"wp:featuredmedia":[{"embeddable":true,"href":"https:\/\/diarioregionaldigital.com.br\/index.php?rest_route=\/wp\/v2\/media\/191592"}],"wp:attachment":[{"href":"https:\/\/diarioregionaldigital.com.br\/index.php?rest_route=%2Fwp%2Fv2%2Fmedia&parent=191591"}],"wp:term":[{"taxonomy":"category","embeddable":true,"href":"https:\/\/diarioregionaldigital.com.br\/index.php?rest_route=%2Fwp%2Fv2%2Fcategories&post=191591"},{"taxonomy":"post_tag","embeddable":true,"href":"https:\/\/diarioregionaldigital.com.br\/index.php?rest_route=%2Fwp%2Fv2%2Ftags&post=191591"}],"curies":[{"name":"wp","href":"https:\/\/api.w.org\/{rel}","templated":true}]}}