{"id":191588,"date":"2021-11-26T17:58:17","date_gmt":"2021-11-26T20:58:17","guid":{"rendered":"https:\/\/diarioregionaldigital.com.br\/?p=191588"},"modified":"2021-11-26T17:58:17","modified_gmt":"2021-11-26T20:58:17","slug":"senado-aprova-projeto-que-amplia-alcance-do-teste-do-pezinho","status":"publish","type":"post","link":"https:\/\/diarioregionaldigital.com.br\/?p=191588","title":{"rendered":"Senado aprova projeto que amplia alcance do teste do pezinho"},"content":{"rendered":"<p>O plen\u00e1rio do Senado aprovou nesta quinta-feira o projeto de lei (PL) que amplia o alcance da triagem neonatal conhecida como teste do pezinho. A PL modifica o Estatuto da Crian\u00e7a e do Adolescente para incluir no rol do teste do pezinho doen\u00e7as como distrofias musculares e outras enfermidades neuromusculares. O texto segue para a C\u00e2mara.<img decoding=\"async\" src=\"https:\/\/agenciabrasil.ebc.com.br\/ebc.png?id=1429090&amp;o=node\" \/><img decoding=\"async\" src=\"https:\/\/agenciabrasil.ebc.com.br\/ebc.gif?id=1429090&amp;o=node\" \/><\/p>\n<p>Atualmente, a triagem neonatal oferecida pelo SUS \u00e9 capaz de detectar seis doen\u00e7as: fenilceton\u00faria; hipotireoidismo cong\u00eanito; doen\u00e7as falciformes e outras hemoglobinopatias; fibrose c\u00edstica; hiperplasia adrenal cong\u00eanita; e defici\u00eancia de biotinidase. Com a vers\u00e3o ampliada, o teste poder\u00e1 detectar at\u00e9 53 doen\u00e7as, inclusive enfermidades consideradas raras e que s\u00f3 podem ser descobertas ap\u00f3s exames na rede particular de sa\u00fade.<\/p>\n<p>O teste do pezinho \u00e9 obrigat\u00f3rio e gratuito. Segundo o Minist\u00e9rio da Sa\u00fade, a triagem neonatal, tamb\u00e9m conhecido como teste do pezinho, \u00e9 um exame que deve ser realizado em todos os rec\u00e9m-nascidos, normalmente a partir do terceiro dia de vida. O teste ajuda a diagnosticar algumas doen\u00e7as gen\u00e9ticas e metab\u00f3licas. Dessa forma, caso seja identificada alguma altera\u00e7\u00e3o, o tratamento pode ser iniciado logo em seguida, de forma a evitar complica\u00e7\u00f5es e promover a qualidade de vida da crian\u00e7a.<\/p>\n<p><span style=\"font-weight: 400;\"><br \/>\n<\/span><span style=\"font-weight: 400;\">Fonte: Ag\u00eancia Brasil <\/span><\/p>\n","protected":false},"excerpt":{"rendered":"<p>O plen\u00e1rio do Senado aprovou nesta quinta-feira o projeto de lei (PL) que amplia o alcance da triagem neonatal conhecida como teste do pezinho. A PL modifica o Estatuto da Crian\u00e7a e do Adolescente para incluir no rol do teste do pezinho doen\u00e7as como distrofias musculares e outras enfermidades neuromusculares. O texto segue para a [&hellip;]<\/p>\n","protected":false},"author":246,"featured_media":191589,"comment_status":"closed","ping_status":"closed","sticky":false,"template":"","format":"standard","meta":{"footnotes":""},"categories":[436,254],"tags":[],"class_list":["post-191588","post","type-post","status-publish","format-standard","has-post-thumbnail","hentry","category-destaque-da-semana","category-politica"],"_links":{"self":[{"href":"https:\/\/diarioregionaldigital.com.br\/index.php?rest_route=\/wp\/v2\/posts\/191588","targetHints":{"allow":["GET"]}}],"collection":[{"href":"https:\/\/diarioregionaldigital.com.br\/index.php?rest_route=\/wp\/v2\/posts"}],"about":[{"href":"https:\/\/diarioregionaldigital.com.br\/index.php?rest_route=\/wp\/v2\/types\/post"}],"author":[{"embeddable":true,"href":"https:\/\/diarioregionaldigital.com.br\/index.php?rest_route=\/wp\/v2\/users\/246"}],"replies":[{"embeddable":true,"href":"https:\/\/diarioregionaldigital.com.br\/index.php?rest_route=%2Fwp%2Fv2%2Fcomments&post=191588"}],"version-history":[{"count":1,"href":"https:\/\/diarioregionaldigital.com.br\/index.php?rest_route=\/wp\/v2\/posts\/191588\/revisions"}],"predecessor-version":[{"id":191590,"href":"https:\/\/diarioregionaldigital.com.br\/index.php?rest_route=\/wp\/v2\/posts\/191588\/revisions\/191590"}],"wp:featuredmedia":[{"embeddable":true,"href":"https:\/\/diarioregionaldigital.com.br\/index.php?rest_route=\/wp\/v2\/media\/191589"}],"wp:attachment":[{"href":"https:\/\/diarioregionaldigital.com.br\/index.php?rest_route=%2Fwp%2Fv2%2Fmedia&parent=191588"}],"wp:term":[{"taxonomy":"category","embeddable":true,"href":"https:\/\/diarioregionaldigital.com.br\/index.php?rest_route=%2Fwp%2Fv2%2Fcategories&post=191588"},{"taxonomy":"post_tag","embeddable":true,"href":"https:\/\/diarioregionaldigital.com.br\/index.php?rest_route=%2Fwp%2Fv2%2Ftags&post=191588"}],"curies":[{"name":"wp","href":"https:\/\/api.w.org\/{rel}","templated":true}]}}