{"id":191584,"date":"2021-11-26T17:56:15","date_gmt":"2021-11-26T20:56:15","guid":{"rendered":"https:\/\/diarioregionaldigital.com.br\/?p=191584"},"modified":"2021-11-26T17:56:15","modified_gmt":"2021-11-26T20:56:15","slug":"congresso-vota-na-segunda-feira-regras-de-transparencia-nas-emendas","status":"publish","type":"post","link":"https:\/\/diarioregionaldigital.com.br\/?p=191584","title":{"rendered":"Congresso vota na segunda-feira regras de transpar\u00eancia nas emendas"},"content":{"rendered":"<p>O Congresso Nacional analisa na pr\u00f3xima segunda-feira (29) o\u00a0<a href=\"https:\/\/legis.senado.leg.br\/sdleg-getter\/documento?dm=9043926&amp;ts=1637892513401&amp;disposition=inline\" target=\"_blank\" rel=\"noopener\">Projeto de Resolu\u00e7\u00e3o n\u00ba 4\/2021<\/a>, que cria regras para a destina\u00e7\u00e3o de emendas ao Or\u00e7amento. A sess\u00e3o na C\u00e2mara dos Deputados est\u00e1 prevista para as 14h e a do Senado, para as 16h.<img decoding=\"async\" src=\"https:\/\/agenciabrasil.ebc.com.br\/ebc.png?id=1429135&amp;o=node\" \/><img decoding=\"async\" src=\"https:\/\/agenciabrasil.ebc.com.br\/ebc.gif?id=1429135&amp;o=node\" \/><\/p>\n<p>A aprova\u00e7\u00e3o desse texto \u00e9 uma tentativa do Congresso de ampliar a transpar\u00eancia na apresenta\u00e7\u00e3o, aprova\u00e7\u00e3o e execu\u00e7\u00e3o das emendas de relator-geral da lei or\u00e7ament\u00e1ria.<\/p>\n<p>A reuni\u00e3o do Congresso estava prevista inicialmente para esta sexta-feira (26). Mas no fim da noite de ontem (25), o presidente do Senado, Rodrigo Pacheco, comunicou sua decis\u00e3o de transferir a reuni\u00e3o para segunda-feira.<\/p>\n<p>Apresentado pelas Mesas do Senado e da C\u00e2mara, o projeto limita o valor das emendas de relator-geral, que passariam a ser direcionadas apenas para pol\u00edticas p\u00fablicas previstas em parecer preliminar. A inten\u00e7\u00e3o \u00e9 permitir que os membros do Congresso Nacional e a sociedade tomem conhecimento pr\u00e9vio antes da apresenta\u00e7\u00e3o do relat\u00f3rio geral.<\/p>\n<p>O projeto tamb\u00e9m define regras para a publica\u00e7\u00e3o das indica\u00e7\u00f5es feitas pelo relator-geral, bem como das solicita\u00e7\u00f5es de recursos que as tiverem fundamentado.<\/p>\n<p>Segundo a Ag\u00eancia Senado, as novas regras previstas na proposta, se aprovadas, devem valer para a lei or\u00e7ament\u00e1ria de 2022 e v\u00e3o normalizar as emendas de 2021 que j\u00e1 foram previstas.<\/p>\n<p><a href=\"https:\/\/agenciabrasil.ebc.com.br\/justica\/noticia\/2021-11\/stf-placar-de-8-2-confirma-suspensao-de-emendas-do-relator\" target=\"_blank\" rel=\"noopener\">O Supremo Tribunal Federal (STF) suspendeu a execu\u00e7\u00e3o<\/a>\u00a0das chamadas emendas do relator-geral ao Or\u00e7amento da Uni\u00e3o, no dia 10.<\/p>\n<p><span style=\"font-weight: 400;\">Fonte: Ag\u00eancia Brasil <\/span><\/p>\n","protected":false},"excerpt":{"rendered":"<p>O Congresso Nacional analisa na pr\u00f3xima segunda-feira (29) o\u00a0Projeto de Resolu\u00e7\u00e3o n\u00ba 4\/2021, que cria regras para a destina\u00e7\u00e3o de emendas ao Or\u00e7amento. A sess\u00e3o na C\u00e2mara dos Deputados est\u00e1 prevista para as 14h e a do Senado, para as 16h. A aprova\u00e7\u00e3o desse texto \u00e9 uma tentativa do Congresso de ampliar a transpar\u00eancia na [&hellip;]<\/p>\n","protected":false},"author":246,"featured_media":191585,"comment_status":"closed","ping_status":"closed","sticky":false,"template":"","format":"standard","meta":{"footnotes":""},"categories":[436,254],"tags":[],"class_list":["post-191584","post","type-post","status-publish","format-standard","has-post-thumbnail","hentry","category-destaque-da-semana","category-politica"],"_links":{"self":[{"href":"https:\/\/diarioregionaldigital.com.br\/index.php?rest_route=\/wp\/v2\/posts\/191584","targetHints":{"allow":["GET"]}}],"collection":[{"href":"https:\/\/diarioregionaldigital.com.br\/index.php?rest_route=\/wp\/v2\/posts"}],"about":[{"href":"https:\/\/diarioregionaldigital.com.br\/index.php?rest_route=\/wp\/v2\/types\/post"}],"author":[{"embeddable":true,"href":"https:\/\/diarioregionaldigital.com.br\/index.php?rest_route=\/wp\/v2\/users\/246"}],"replies":[{"embeddable":true,"href":"https:\/\/diarioregionaldigital.com.br\/index.php?rest_route=%2Fwp%2Fv2%2Fcomments&post=191584"}],"version-history":[{"count":2,"href":"https:\/\/diarioregionaldigital.com.br\/index.php?rest_route=\/wp\/v2\/posts\/191584\/revisions"}],"predecessor-version":[{"id":191587,"href":"https:\/\/diarioregionaldigital.com.br\/index.php?rest_route=\/wp\/v2\/posts\/191584\/revisions\/191587"}],"wp:featuredmedia":[{"embeddable":true,"href":"https:\/\/diarioregionaldigital.com.br\/index.php?rest_route=\/wp\/v2\/media\/191585"}],"wp:attachment":[{"href":"https:\/\/diarioregionaldigital.com.br\/index.php?rest_route=%2Fwp%2Fv2%2Fmedia&parent=191584"}],"wp:term":[{"taxonomy":"category","embeddable":true,"href":"https:\/\/diarioregionaldigital.com.br\/index.php?rest_route=%2Fwp%2Fv2%2Fcategories&post=191584"},{"taxonomy":"post_tag","embeddable":true,"href":"https:\/\/diarioregionaldigital.com.br\/index.php?rest_route=%2Fwp%2Fv2%2Ftags&post=191584"}],"curies":[{"name":"wp","href":"https:\/\/api.w.org\/{rel}","templated":true}]}}