{"id":191563,"date":"2021-11-26T06:00:18","date_gmt":"2021-11-26T09:00:18","guid":{"rendered":"https:\/\/diarioregionaldigital.com.br\/?p=191563"},"modified":"2021-11-25T23:15:19","modified_gmt":"2021-11-26T02:15:19","slug":"aproveitemos-o-tempo-de-paz-para-edificar-o-templo-de-deus","status":"publish","type":"post","link":"https:\/\/diarioregionaldigital.com.br\/?p=191563","title":{"rendered":"Aproveitemos o tempo de paz para edificar o templo de Deus"},"content":{"rendered":"<p>Na B\u00edblia uma das mais importantes refer\u00eancias de sabedoria \u00e9 o rei Salom\u00e3o:<\/p>\n<p>\u201cE deu Deus a Salom\u00e3o sabedoria, e muit\u00edssimo entendimento, e largueza de cora\u00e7\u00e3o, como a areia que est\u00e1 na praia do mar. E era a sabedoria de Salom\u00e3o maior do que a sabedoria de todos os do oriente e do que toda a sabedoria dos eg\u00edpcios. E vinham de todos os povos a ouvir a sabedoria de Salom\u00e3o, e de todos os reis da terra que tinham ouvido da sua sabedoria\u201d (1 Reis 4:29-34).<\/p>\n<p>Deus tamb\u00e9m concedeu a Salom\u00e3o tempos de paz, conforme ele mesmo nos informa: \u201cMas agora o Senhor, o meu Deus, concedeu-me paz em todas as fronteiras, e n\u00e3o tenho que enfrentar nem inimigos nem calamidades\u201d (1 Reis 5: 4).<\/p>\n<p>Sendo Salom\u00e3o s\u00e1bio e vivendo tempos de paz, o rei investiu anos e boa parte de seus recursos na constru\u00e7\u00e3o do primeiro Templo dedicado a Deus em Jerusal\u00e9m:<\/p>\n<p>\u201cPretendo, por isso, construir um templo em honra do nome do Senhor, do meu Deus, conforme o Senhor disse a meu pai Davi: \u2018O seu filho, a quem colocarei no trono em seu lugar, construir\u00e1 o templo em honra do meu nome\u2019\u201d (1 Reis 5: 5).<\/p>\n<p>\u201cNo m\u00eas de bul, o oitavo m\u00eas, do d\u00e9cimo primeiro ano, o templo foi terminado em todos os seus detalhes, de acordo com as suas especifica\u00e7\u00f5es. Ele levou sete anos para constru\u00ed-lo\u201d (1 Reis 6: 38).<\/p>\n<p>Depois que Cristo veio e derramou o Esp\u00edrito Santo sobre o seu povo, n\u00f3s mesmos nos tornamos templos do Senhor: \u201cN\u00e3o sabeis v\u00f3s que sois o templo de Deus e que o Esp\u00edrito de Deus habita em v\u00f3s?\u201d (1 Cor\u00edntios 3: 16).<\/p>\n<p>\u201cE que consenso tem o templo de Deus com os \u00eddolos? Porque v\u00f3s sois o templo do Deus vivente, como Deus disse: Neles habitarei, e entre eles andarei; e eu serei o seu Deus e eles ser\u00e3o o meu povo\u201d (2 Cor\u00edntios 6: 16).<\/p>\n<p>Sendo assim, sejamos s\u00e1bios como foi Salom\u00e3o em seus anos de ouro. N\u00e3o se lembre de Deus apenas nos momentos de afli\u00e7\u00e3o.<\/p>\n<p>Quando o Senhor te der tempos de paz, quando seu cora\u00e7\u00e3o estiver isento de preocupa\u00e7\u00f5es, fa\u00e7a como Salom\u00e3o e dedique-se \u00e0 edifica\u00e7\u00e3o do Templo do Senhor; aperfei\u00e7oe-se conforme a vontade do Pai para ser digno de ser preenchido com a Sua divindade.<\/p>\n<p>\u201cJesus respondeu, e disse-lhe: \u2018Se algu\u00e9m me ama, guardar\u00e1 a minha palavra, e meu Pai o amar\u00e1, e viremos para ele, e faremos nele morada\u2019\u201d (Jo\u00e3o 14: 23).<\/p>\n","protected":false},"excerpt":{"rendered":"<p>Na B\u00edblia uma das mais importantes refer\u00eancias de sabedoria \u00e9 o rei Salom\u00e3o: \u201cE deu Deus a Salom\u00e3o sabedoria, e muit\u00edssimo entendimento, e largueza de cora\u00e7\u00e3o, como a areia que est\u00e1 na praia do mar. E era a sabedoria de Salom\u00e3o maior do que a sabedoria de todos os do oriente e do que toda [&hellip;]<\/p>\n","protected":false},"author":96,"featured_media":0,"comment_status":"closed","ping_status":"closed","sticky":false,"template":"","format":"standard","meta":{"footnotes":""},"categories":[1244],"tags":[],"class_list":["post-191563","post","type-post","status-publish","format-standard","hentry","category-oleg-abramov"],"_links":{"self":[{"href":"https:\/\/diarioregionaldigital.com.br\/index.php?rest_route=\/wp\/v2\/posts\/191563","targetHints":{"allow":["GET"]}}],"collection":[{"href":"https:\/\/diarioregionaldigital.com.br\/index.php?rest_route=\/wp\/v2\/posts"}],"about":[{"href":"https:\/\/diarioregionaldigital.com.br\/index.php?rest_route=\/wp\/v2\/types\/post"}],"author":[{"embeddable":true,"href":"https:\/\/diarioregionaldigital.com.br\/index.php?rest_route=\/wp\/v2\/users\/96"}],"replies":[{"embeddable":true,"href":"https:\/\/diarioregionaldigital.com.br\/index.php?rest_route=%2Fwp%2Fv2%2Fcomments&post=191563"}],"version-history":[{"count":1,"href":"https:\/\/diarioregionaldigital.com.br\/index.php?rest_route=\/wp\/v2\/posts\/191563\/revisions"}],"predecessor-version":[{"id":191564,"href":"https:\/\/diarioregionaldigital.com.br\/index.php?rest_route=\/wp\/v2\/posts\/191563\/revisions\/191564"}],"wp:attachment":[{"href":"https:\/\/diarioregionaldigital.com.br\/index.php?rest_route=%2Fwp%2Fv2%2Fmedia&parent=191563"}],"wp:term":[{"taxonomy":"category","embeddable":true,"href":"https:\/\/diarioregionaldigital.com.br\/index.php?rest_route=%2Fwp%2Fv2%2Fcategories&post=191563"},{"taxonomy":"post_tag","embeddable":true,"href":"https:\/\/diarioregionaldigital.com.br\/index.php?rest_route=%2Fwp%2Fv2%2Ftags&post=191563"}],"curies":[{"name":"wp","href":"https:\/\/api.w.org\/{rel}","templated":true}]}}