{"id":191556,"date":"2021-11-25T20:28:14","date_gmt":"2021-11-25T23:28:14","guid":{"rendered":"https:\/\/diarioregionaldigital.com.br\/?p=191556"},"modified":"2021-11-25T20:28:14","modified_gmt":"2021-11-25T23:28:14","slug":"procon-intensifica-operacao-black-friday-nesta-sexta-feira","status":"publish","type":"post","link":"https:\/\/diarioregionaldigital.com.br\/?p=191556","title":{"rendered":"Procon intensifica \u201cOpera\u00e7\u00e3o Black Friday\u201d nesta sexta-feira"},"content":{"rendered":"<p>Segundo informa\u00e7\u00f5es do site da Prefeitura de Juiz de Fora, a Ag\u00eancia de Prote\u00e7\u00e3o e Defesa do Consumidor (Procon) da Prefeitura de Juiz de Fora (PJF) deu in\u00edcio \u00e0 \u201cOpera\u00e7\u00e3o Black Friday\u201d h\u00e1 cerca de dois meses, um trabalho de intelig\u00eancia que est\u00e1 efetuando o levantamento de pre\u00e7os dos principais itens de consumo no per\u00edodo, chamados \u201cprodutos da linha branca\u201d. Atrav\u00e9s de monitoramento, est\u00e1 sendo realizada apura\u00e7\u00e3o dos dados com o intuito de concluir se, de fato, houve ofertas nas lojas.<\/p>\n<p>Segundo a gerente do Departamento de Apura\u00e7\u00e3o de Pr\u00e1ticas Infrativas (Dapi), Carla Marques, a opera\u00e7\u00e3o ser\u00e1 finalizada no dia 6 de dezembro e, a partir dos dados coletados at\u00e9 a data limite da opera\u00e7\u00e3o, ser\u00e1 poss\u00edvel fazer a infer\u00eancia, atrav\u00e9s do trabalho de intelig\u00eancia promovido pelo Procon, com objetivo de divulgar conclus\u00f5es referentes \u00e0s ofertas praticadas pelo com\u00e9rcio de Juiz de Fora durante o per\u00edodo promocional.<\/p>\n<p>Na pr\u00f3xima sexta-feira, dia\u00a0 26, no dia oficial da \u201cBlack Friday\u201d, o Procon\/JF estar\u00e1 presente com toda sua equipe de fiscaliza\u00e7\u00e3o e apoio nos principais pontos comerciais da cidade, com intuito de prestar aux\u00edlio \u00e0 popula\u00e7\u00e3o e visitar estabelecimentos comerciais para garantir que ofertas e publicidades estejam de acordo com os termos legais do C\u00f3digo de Defesa do Consumidor.<\/p>\n<p>Caso o consumidor constate alguma irregularidade relacionada \u00e0 propaganda enganosa, deve entrar em contato com o Procon para agendar atendimento e formalizar den\u00fancia. \u00c9 importante que o consumidor tenha documenta\u00e7\u00e3o comprobat\u00f3ria sobre a situa\u00e7\u00e3o, como fotos, \u201cprints\u201d de tela e panfletos em caso de compras em estabelecimentos f\u00edsicos da cidade.<\/p>\n<p>A unidade m\u00f3vel do Procon estar\u00e1 estacionada em frente ao Cine Theatro Central, na rua Halfeld, das 9h \u00e0s 17h, com posto de atendimento presencial, para prestar orienta\u00e7\u00f5es e apoio \u00e0 popula\u00e7\u00e3o que, eventualmente, tiver problemas.<\/p>\n<p>A ag\u00eancia do Procon, localizada na Av. Presidente Itamar Franco, 992 \u2013 Centro, funcionar\u00e1 em hor\u00e1rio habitual com atendimento presencial, das 8h30 \u00e0s 17h30 e, tamb\u00e9m, contar\u00e1 com atendimento telef\u00f4nico no mesmo hor\u00e1rio, atrav\u00e9s dos n\u00fameros: (32) 3690-7610 \/ 3690-7611 ou pelo WhatsApp (32) 98463-2687.<\/p>\n","protected":false},"excerpt":{"rendered":"<p>Segundo informa\u00e7\u00f5es do site da Prefeitura de Juiz de Fora, a Ag\u00eancia de Prote\u00e7\u00e3o e Defesa do Consumidor (Procon) da Prefeitura de Juiz de Fora (PJF) deu in\u00edcio \u00e0 \u201cOpera\u00e7\u00e3o Black Friday\u201d h\u00e1 cerca de dois meses, um trabalho de intelig\u00eancia que est\u00e1 efetuando o levantamento de pre\u00e7os dos principais itens de consumo no per\u00edodo, [&hellip;]<\/p>\n","protected":false},"author":246,"featured_media":191557,"comment_status":"closed","ping_status":"closed","sticky":false,"template":"","format":"standard","meta":{"footnotes":""},"categories":[253,436],"tags":[],"class_list":["post-191556","post","type-post","status-publish","format-standard","has-post-thumbnail","hentry","category-cidade","category-destaque-da-semana"],"_links":{"self":[{"href":"https:\/\/diarioregionaldigital.com.br\/index.php?rest_route=\/wp\/v2\/posts\/191556","targetHints":{"allow":["GET"]}}],"collection":[{"href":"https:\/\/diarioregionaldigital.com.br\/index.php?rest_route=\/wp\/v2\/posts"}],"about":[{"href":"https:\/\/diarioregionaldigital.com.br\/index.php?rest_route=\/wp\/v2\/types\/post"}],"author":[{"embeddable":true,"href":"https:\/\/diarioregionaldigital.com.br\/index.php?rest_route=\/wp\/v2\/users\/246"}],"replies":[{"embeddable":true,"href":"https:\/\/diarioregionaldigital.com.br\/index.php?rest_route=%2Fwp%2Fv2%2Fcomments&post=191556"}],"version-history":[{"count":1,"href":"https:\/\/diarioregionaldigital.com.br\/index.php?rest_route=\/wp\/v2\/posts\/191556\/revisions"}],"predecessor-version":[{"id":191558,"href":"https:\/\/diarioregionaldigital.com.br\/index.php?rest_route=\/wp\/v2\/posts\/191556\/revisions\/191558"}],"wp:featuredmedia":[{"embeddable":true,"href":"https:\/\/diarioregionaldigital.com.br\/index.php?rest_route=\/wp\/v2\/media\/191557"}],"wp:attachment":[{"href":"https:\/\/diarioregionaldigital.com.br\/index.php?rest_route=%2Fwp%2Fv2%2Fmedia&parent=191556"}],"wp:term":[{"taxonomy":"category","embeddable":true,"href":"https:\/\/diarioregionaldigital.com.br\/index.php?rest_route=%2Fwp%2Fv2%2Fcategories&post=191556"},{"taxonomy":"post_tag","embeddable":true,"href":"https:\/\/diarioregionaldigital.com.br\/index.php?rest_route=%2Fwp%2Fv2%2Ftags&post=191556"}],"curies":[{"name":"wp","href":"https:\/\/api.w.org\/{rel}","templated":true}]}}