{"id":191553,"date":"2021-11-25T20:26:05","date_gmt":"2021-11-25T23:26:05","guid":{"rendered":"https:\/\/diarioregionaldigital.com.br\/?p=191553"},"modified":"2021-11-25T20:26:05","modified_gmt":"2021-11-25T23:26:05","slug":"placas-de-sinalizacao-viaria-do-novo-viaduto-sao-instaladas-pela-smu","status":"publish","type":"post","link":"https:\/\/diarioregionaldigital.com.br\/?p=191553","title":{"rendered":"Placas de sinaliza\u00e7\u00e3o vi\u00e1ria do novo viaduto s\u00e3o instaladas pela SMU"},"content":{"rendered":"<p>Segundo informa\u00e7\u00f5es do site da Prefeitura de Juiz de Fora, a instala\u00e7\u00e3o da sinaliza\u00e7\u00e3o vertical indicativa do novo Viaduto Arquiteto Helio F\u00e1del Araujo foi iniciada nesta quinta-feira, 25, pela equipe da Secretaria de Mobilidade Urbana (SMU) da Prefeitura de Juiz de Fora (PJF). Al\u00e9m do pr\u00f3prio viaduto, a Rua Floriano Peixoto, a Avenida Francisco Bernardino e a Avenida Brasil v\u00e3o receber os equipamentos. Cerca de cem placas de regulamenta\u00e7\u00e3o e advert\u00eancia de tr\u00e2nsito tamb\u00e9m est\u00e3o sendo colocadas nas vias adjacentes.<\/p>\n<p>Os servi\u00e7os de sinaliza\u00e7\u00e3o horizontal, como as pinturas de pavimento das vias do entorno do viaduto, prosseguem durante esta semana. A SMU solicita que os motoristas, caso poss\u00edvel, evitem transitar pela regi\u00e3o, como na Avenida Francisco Bernardino, parte baixa da Rua Floriano Peixoto, Rua Benjamin Constant e pela margem direita da Avenida Brasil no trecho pr\u00f3ximo ao viaduto.<\/p>\n<p>Ap\u00f3s o t\u00e9rmino das obras, haver\u00e1 melhoria de infraestrutura da mobilidade urbana, diminuindo o tempo de liga\u00e7\u00e3o entre o Centro e bairros da Zona Leste e Norte, levando em conta tamb\u00e9m, n\u00e3o s\u00f3 a\u00e7\u00f5es para ve\u00edculos, mas, especialmente, a revitaliza\u00e7\u00e3o urban\u00edstica da \u00e1rea, com foco nos pedestres e moradores, que tamb\u00e9m ganham uma nova travessia com acessibilidade garantida.<\/p>\n","protected":false},"excerpt":{"rendered":"<p>Segundo informa\u00e7\u00f5es do site da Prefeitura de Juiz de Fora, a instala\u00e7\u00e3o da sinaliza\u00e7\u00e3o vertical indicativa do novo Viaduto Arquiteto Helio F\u00e1del Araujo foi iniciada nesta quinta-feira, 25, pela equipe da Secretaria de Mobilidade Urbana (SMU) da Prefeitura de Juiz de Fora (PJF). Al\u00e9m do pr\u00f3prio viaduto, a Rua Floriano Peixoto, a Avenida Francisco Bernardino [&hellip;]<\/p>\n","protected":false},"author":246,"featured_media":191554,"comment_status":"closed","ping_status":"closed","sticky":false,"template":"","format":"standard","meta":{"footnotes":""},"categories":[253,436],"tags":[],"class_list":["post-191553","post","type-post","status-publish","format-standard","has-post-thumbnail","hentry","category-cidade","category-destaque-da-semana"],"_links":{"self":[{"href":"https:\/\/diarioregionaldigital.com.br\/index.php?rest_route=\/wp\/v2\/posts\/191553","targetHints":{"allow":["GET"]}}],"collection":[{"href":"https:\/\/diarioregionaldigital.com.br\/index.php?rest_route=\/wp\/v2\/posts"}],"about":[{"href":"https:\/\/diarioregionaldigital.com.br\/index.php?rest_route=\/wp\/v2\/types\/post"}],"author":[{"embeddable":true,"href":"https:\/\/diarioregionaldigital.com.br\/index.php?rest_route=\/wp\/v2\/users\/246"}],"replies":[{"embeddable":true,"href":"https:\/\/diarioregionaldigital.com.br\/index.php?rest_route=%2Fwp%2Fv2%2Fcomments&post=191553"}],"version-history":[{"count":1,"href":"https:\/\/diarioregionaldigital.com.br\/index.php?rest_route=\/wp\/v2\/posts\/191553\/revisions"}],"predecessor-version":[{"id":191555,"href":"https:\/\/diarioregionaldigital.com.br\/index.php?rest_route=\/wp\/v2\/posts\/191553\/revisions\/191555"}],"wp:featuredmedia":[{"embeddable":true,"href":"https:\/\/diarioregionaldigital.com.br\/index.php?rest_route=\/wp\/v2\/media\/191554"}],"wp:attachment":[{"href":"https:\/\/diarioregionaldigital.com.br\/index.php?rest_route=%2Fwp%2Fv2%2Fmedia&parent=191553"}],"wp:term":[{"taxonomy":"category","embeddable":true,"href":"https:\/\/diarioregionaldigital.com.br\/index.php?rest_route=%2Fwp%2Fv2%2Fcategories&post=191553"},{"taxonomy":"post_tag","embeddable":true,"href":"https:\/\/diarioregionaldigital.com.br\/index.php?rest_route=%2Fwp%2Fv2%2Ftags&post=191553"}],"curies":[{"name":"wp","href":"https:\/\/api.w.org\/{rel}","templated":true}]}}