{"id":191550,"date":"2021-11-25T20:24:21","date_gmt":"2021-11-25T23:24:21","guid":{"rendered":"https:\/\/diarioregionaldigital.com.br\/?p=191550"},"modified":"2021-11-25T20:24:21","modified_gmt":"2021-11-25T23:24:21","slug":"em-ato-solidario-banco-de-leite-humano-recebe-doacao-de-frascos-para-armazenamento-de-leite","status":"publish","type":"post","link":"https:\/\/diarioregionaldigital.com.br\/?p=191550","title":{"rendered":"Em ato solid\u00e1rio, Banco de Leite Humano recebe doa\u00e7\u00e3o de frascos para armazenamento de leite"},"content":{"rendered":"<div id=\"box_texto_noticia\">Segundo informa\u00e7\u00f5es do site da Prefeitura de Juiz de Fora, na tarde desta quinta-feira, 25, o Banco de Leite Humano de Juiz de Fora (BLH) recebeu, do Centro Universit\u00e1rio Universo, a doa\u00e7\u00e3o de frascos arrecadados nos pontos de coleta da Universidade, durante o segundo semestre deste ano. Essa \u00e9 mais uma etapa da parceria entre as institui\u00e7\u00f5es e ajuda no fortalecimento das a\u00e7\u00f5es desenvolvidas no Banco de Leite. A a\u00e7\u00e3o \u00e9 fruto do \u201cProjeto Social Agosto Dourado &#8211; Leite Materno: Padr\u00e3o Ouro\u201d, que proporciona maior fluidez ao trabalho realizado pelo Banco de Leite Humano. A subsecret\u00e1ria de Aten\u00e7\u00e3o \u00e0 Sa\u00fade, Joana DArc Zanelli, compareceu na unidade para receber doa\u00e7\u00e3o e agradecer a iniciativa.<\/p>\n<p>A gerente de Extens\u00e3o e P\u00f3s-gradua\u00e7\u00e3o do Centro Universit\u00e1rio, Maria Clara Machado, que realizou a entrega dos materiais, pontuou que, \u201co encontro foi marcado pelo carinho, j\u00e1 que somos institui\u00e7\u00f5es parceiras, al\u00e9m de contribuir para o fortalecimento e o envolvimento das mesmas em um trabalho que faz a diferen\u00e7a na sociedade juiz-forana\u201d.<\/p>\n<p>A supervisora do Banco de Leite Humano de Juiz de Fora, S\u00edlvia Raquel Victor, refor\u00e7ou a import\u00e2ncia do estabelecimento de parcerias como esta, \u201cpois atrav\u00e9s do apoio destas institui\u00e7\u00f5es, como atores de pol\u00edticas p\u00fablicas, fortalecemos a promo\u00e7\u00e3o, prote\u00e7\u00e3o e apoio ao aleitamento materno\u201d. Al\u00e9m disso, ela enfatizou que \u201ca\u00e7\u00f5es como essa podem ajudar na sensibiliza\u00e7\u00e3o para arrecada\u00e7\u00e3o de frascos para coleta, doa\u00e7\u00e3o de leite humano, campanhas de divulga\u00e7\u00e3o, eventos e muito mais.<br \/>\n\u201cNossos prematuros agradecem ao Centro Universit\u00e1rio Universo pela iniciativa, bem como a todos docentes e discentes pela doa\u00e7\u00e3o dos frascos arrecadados nesta campanha\u201d, retribui a supervisora do BLH.<\/p>\n<p>Os frascos doados devem possuir caracter\u00edsticas espec\u00edficas, como ser feito de vidro e possuir uma tampa de pl\u00e1stico, sendo os potes de caf\u00e9s sol\u00faveis os mais indicados para doa\u00e7\u00e3o. Esses objetos s\u00e3o essenciais no trabalho do Banco de Leite Humano, pois \u00e9 l\u00e1 que o leite ser\u00e1 armazenado at\u00e9 sua posterior utiliza\u00e7\u00e3o. S\u00edlvia lembra que, \u201cdoar leite materno humano \u00e9 um gesto que salva vidas. O leite materno \u00e9 importante para todos os beb\u00eas, principalmente para os que est\u00e3o internados e n\u00e3o podem ser amamentados pela pr\u00f3pria m\u00e3e\u201d.<\/p>\n<p><b>O Banco de Leite Humano de Juiz de Fora<\/b><\/p>\n<p>O Banco de Leite Humano de Juiz de Fora (BLH) \u00e9 vinculado ao Departamento de Sa\u00fade da Mulher, Gestante, Crian\u00e7a e Adolescente (DSMGCA) e presta servi\u00e7o de coleta de leite para alimentar crian\u00e7as que, por variados motivos, a m\u00e3e n\u00e3o consegue amamentar.<\/p>\n<p>Atualmente, a unidade conta com 43 doadoras ativas e toda mulher que amamenta e produz um volume de leite al\u00e9m da necessidade do seu beb\u00ea \u00e9 uma poss\u00edvel doadora de leite humano. Basta ser saud\u00e1vel e n\u00e3o tomar nenhum medicamento que interfira na amamenta\u00e7\u00e3o e se dispor a doar o excedente a um banco de leite humano.<\/p>\n<p>Para quem deseja realizar a doa\u00e7\u00e3o de leite materno pode procurar o Departamento de Sa\u00fade da Mulher, Gestante, Crian\u00e7a e Adolescente na Rua S\u00e3o Sebasti\u00e3o, n\u00ba 772 , Centro.<\/p><\/div>\n<p>&nbsp;<\/p>\n<div id=\"box_compartilhar\" align=\"right\"><\/div>\n","protected":false},"excerpt":{"rendered":"<p>Segundo informa\u00e7\u00f5es do site da Prefeitura de Juiz de Fora, na tarde desta quinta-feira, 25, o Banco de Leite Humano de Juiz de Fora (BLH) recebeu, do Centro Universit\u00e1rio Universo, a doa\u00e7\u00e3o de frascos arrecadados nos pontos de coleta da Universidade, durante o segundo semestre deste ano. Essa \u00e9 mais uma etapa da parceria entre [&hellip;]<\/p>\n","protected":false},"author":246,"featured_media":191551,"comment_status":"closed","ping_status":"closed","sticky":false,"template":"","format":"standard","meta":{"footnotes":""},"categories":[253,436,439],"tags":[],"class_list":["post-191550","post","type-post","status-publish","format-standard","has-post-thumbnail","hentry","category-cidade","category-destaque-da-semana","category-ultima-hora"],"_links":{"self":[{"href":"https:\/\/diarioregionaldigital.com.br\/index.php?rest_route=\/wp\/v2\/posts\/191550","targetHints":{"allow":["GET"]}}],"collection":[{"href":"https:\/\/diarioregionaldigital.com.br\/index.php?rest_route=\/wp\/v2\/posts"}],"about":[{"href":"https:\/\/diarioregionaldigital.com.br\/index.php?rest_route=\/wp\/v2\/types\/post"}],"author":[{"embeddable":true,"href":"https:\/\/diarioregionaldigital.com.br\/index.php?rest_route=\/wp\/v2\/users\/246"}],"replies":[{"embeddable":true,"href":"https:\/\/diarioregionaldigital.com.br\/index.php?rest_route=%2Fwp%2Fv2%2Fcomments&post=191550"}],"version-history":[{"count":1,"href":"https:\/\/diarioregionaldigital.com.br\/index.php?rest_route=\/wp\/v2\/posts\/191550\/revisions"}],"predecessor-version":[{"id":191552,"href":"https:\/\/diarioregionaldigital.com.br\/index.php?rest_route=\/wp\/v2\/posts\/191550\/revisions\/191552"}],"wp:featuredmedia":[{"embeddable":true,"href":"https:\/\/diarioregionaldigital.com.br\/index.php?rest_route=\/wp\/v2\/media\/191551"}],"wp:attachment":[{"href":"https:\/\/diarioregionaldigital.com.br\/index.php?rest_route=%2Fwp%2Fv2%2Fmedia&parent=191550"}],"wp:term":[{"taxonomy":"category","embeddable":true,"href":"https:\/\/diarioregionaldigital.com.br\/index.php?rest_route=%2Fwp%2Fv2%2Fcategories&post=191550"},{"taxonomy":"post_tag","embeddable":true,"href":"https:\/\/diarioregionaldigital.com.br\/index.php?rest_route=%2Fwp%2Fv2%2Ftags&post=191550"}],"curies":[{"name":"wp","href":"https:\/\/api.w.org\/{rel}","templated":true}]}}