{"id":191547,"date":"2021-11-25T20:21:35","date_gmt":"2021-11-25T23:21:35","guid":{"rendered":"https:\/\/diarioregionaldigital.com.br\/?p=191547"},"modified":"2021-11-25T20:21:35","modified_gmt":"2021-11-25T23:21:35","slug":"vacinacao-contra-covid-19-neste-sabado-27-acontece-no-drive-thru-da-ufjf","status":"publish","type":"post","link":"https:\/\/diarioregionaldigital.com.br\/?p=191547","title":{"rendered":"Vacina\u00e7\u00e3o contra Covid-19 neste s\u00e1bado, 27, acontece no drive-thru da UFJF"},"content":{"rendered":"<p>Primeiras, segundas doses e vacinas de refor\u00e7o estar\u00e3o dispon\u00edveis neste s\u00e1bado, das 8h \u00e0s 14h, no estacionamento da Faculdade de Educa\u00e7\u00e3o (Faced) da Universidade Federal de Juiz de Fora (UFJF). A vacina\u00e7\u00e3o contra a Covid-19 no local \u00e9 uma parceria da Secretaria de Sa\u00fade (SS) da Prefeitura de Juiz de Fora (PJF) com a UFJF e acontece no modelo drive-thru, em que as pessoas aguardam em seus carros para serem vacinadas.<\/p>\n<p>Segundo informa\u00e7\u00f5es do site da Prefeitura de Juiz de Fora, neste s\u00e1bado, dia 27, devem buscar a primeira dose as pessoas de 12 anos ou mais que, por qualquer motivo, n\u00e3o tenham recebido a dose inicial anteriormente. A segunda dose da Pfizer foi adiantada e quem recebeu dose inicial at\u00e9 o dia 29 de outubro j\u00e1 pode receber D2, enquanto as segundas doses de AstraZeneca e Coronavac seguem a data descrita no cart\u00e3o. Pessoas de 18 anos ou mais que receberam a segunda dose at\u00e9 o dia 27 de junho ou em data anterior podem receber a vacina de refor\u00e7o, enquanto os imunossuprimidos recebem a dose de refor\u00e7o ap\u00f3s 28 dias da D2. A UFJF fica na Rua Jos\u00e9 Louren\u00e7o Kelmer, s\/n, no bairro S\u00e3o Pedro.<\/p>\n<p><b>Confira os grupos que ser\u00e3o vacinados no drive-thru deste s\u00e1bado:<\/b><\/p>\n<p>Pessoas a partir de 12 anos que ainda n\u00e3o receberam a primeira dose.<\/p>\n<p>Idosos com 60 anos ou mais que receberam a segunda dose h\u00e1 pelo menos cinco meses recebem a vacina de refor\u00e7o.<\/p>\n<p>Pessoas com 18 anos ou mais que receberam a segunda no dia 27 de junho ou antes recebem a dose de refor\u00e7o.<\/p>\n<p>Imunossuprimidos que receberam a segunda dose h\u00e1 pelo menos 28 dias tamb\u00e9m est\u00e3o aptos a receber a vacina de refor\u00e7o.<\/p>\n<p>As segundas doses de AstraZeneca s\u00e3o aplicadas seguindo a data de retorno do cart\u00e3o de vacina. Portanto, s\u00e3o destinadas a todas as pessoas que devem receber D2 do imunizante neste s\u00e1bado, 27, ou que estavam agendadas para data anterior.<\/p>\n<p>As Segundas doses de Coronavac tamb\u00e9m s\u00e3o aplicadas seguindo a data de retorno do cart\u00e3o de vacina. S\u00e3o vacinados no drive todos os que devem receber a D2 do imunizante neste s\u00e1bado, 27, ou que estavam agendadas para data anterior.<\/p>\n<p>As Segundas doses de Pfizer est\u00e3o dispon\u00edveis para todos que receberam a primeira dose at\u00e9 o dia 29 de outubro.<\/p>\n<p><b>Documenta\u00e7\u00e3o Necess\u00e1ria<\/b><\/p>\n<p>As pessoas que v\u00e3o receber a primeira dose devem apresentar originais e c\u00f3pias de documento de identifica\u00e7\u00e3o com foto (como documento de identidade (RG) ou carteira de motorista) e o CPF, caso o n\u00famero do mesmo n\u00e3o conste na identidade, al\u00e9m do comprovante de resid\u00eancia, que ficar\u00e1 retido no local de vacina\u00e7\u00e3o, e da a ficha de vacina\u00e7\u00e3o impressa e preenchida. Os adolescentes que n\u00e3o tiverem o documento de identidade, podem apresentar a certid\u00e3o de nascimento. Caso o comprovante de resid\u00eancia n\u00e3o esteja no nome de quem vai ser vacinado, \u00e9 necess\u00e1rio apresentar c\u00f3pia do comprovante, do documento de identidade da pessoa que tem o nome no comprovante de resid\u00eancia e, ainda,\u00a0a declara\u00e7\u00e3o de resid\u00eancia.<\/p>\n<p>As pessoas que v\u00e3o receber a D2 ou a dose de refor\u00e7o precisam apresentar apenas a ficha de vacina\u00e7\u00e3o, o cart\u00e3o de vacina e um documento de identifica\u00e7\u00e3o com foto, enquanto os imunossuprimidos, al\u00e9m destes documentos, devem apresentar um laudo ou atestado m\u00e9dico datado de, no m\u00e1ximo, 12 meses, comprovando a condi\u00e7\u00e3o. Este p\u00fablico pode buscar pela dose de refor\u00e7o a partir de 28 dias do recebimento da 2\u00aa dose.<\/p>\n<p>Tamb\u00e9m\u00a0<b>refor\u00e7amos a necessidade\u00a0<\/b>de todos que v\u00e3o ser vacinados levarem o impressa e preenchida a Ficha de Vacina\u00e7\u00e3o, cujo modelo est\u00e1 dispon\u00edvel no\u00a0<a href=\"https:\/\/covid19.pjf.mg.gov.br\/arquivos\/formulario_para_vacinacao.pdf\"><b>site da PJF\u00a0<\/b><\/a>, isso facilita no momento da triagem e agiliza o processo de vacina\u00e7\u00e3o.<\/p>\n","protected":false},"excerpt":{"rendered":"<p>Primeiras, segundas doses e vacinas de refor\u00e7o estar\u00e3o dispon\u00edveis neste s\u00e1bado, das 8h \u00e0s 14h, no estacionamento da Faculdade de Educa\u00e7\u00e3o (Faced) da Universidade Federal de Juiz de Fora (UFJF). A vacina\u00e7\u00e3o contra a Covid-19 no local \u00e9 uma parceria da Secretaria de Sa\u00fade (SS) da Prefeitura de Juiz de Fora (PJF) com a UFJF [&hellip;]<\/p>\n","protected":false},"author":246,"featured_media":191548,"comment_status":"closed","ping_status":"closed","sticky":false,"template":"","format":"standard","meta":{"footnotes":""},"categories":[253,436,440,439],"tags":[],"class_list":["post-191547","post","type-post","status-publish","format-standard","has-post-thumbnail","hentry","category-cidade","category-destaque-da-semana","category-destaques-do-dia","category-ultima-hora"],"_links":{"self":[{"href":"https:\/\/diarioregionaldigital.com.br\/index.php?rest_route=\/wp\/v2\/posts\/191547","targetHints":{"allow":["GET"]}}],"collection":[{"href":"https:\/\/diarioregionaldigital.com.br\/index.php?rest_route=\/wp\/v2\/posts"}],"about":[{"href":"https:\/\/diarioregionaldigital.com.br\/index.php?rest_route=\/wp\/v2\/types\/post"}],"author":[{"embeddable":true,"href":"https:\/\/diarioregionaldigital.com.br\/index.php?rest_route=\/wp\/v2\/users\/246"}],"replies":[{"embeddable":true,"href":"https:\/\/diarioregionaldigital.com.br\/index.php?rest_route=%2Fwp%2Fv2%2Fcomments&post=191547"}],"version-history":[{"count":1,"href":"https:\/\/diarioregionaldigital.com.br\/index.php?rest_route=\/wp\/v2\/posts\/191547\/revisions"}],"predecessor-version":[{"id":191549,"href":"https:\/\/diarioregionaldigital.com.br\/index.php?rest_route=\/wp\/v2\/posts\/191547\/revisions\/191549"}],"wp:featuredmedia":[{"embeddable":true,"href":"https:\/\/diarioregionaldigital.com.br\/index.php?rest_route=\/wp\/v2\/media\/191548"}],"wp:attachment":[{"href":"https:\/\/diarioregionaldigital.com.br\/index.php?rest_route=%2Fwp%2Fv2%2Fmedia&parent=191547"}],"wp:term":[{"taxonomy":"category","embeddable":true,"href":"https:\/\/diarioregionaldigital.com.br\/index.php?rest_route=%2Fwp%2Fv2%2Fcategories&post=191547"},{"taxonomy":"post_tag","embeddable":true,"href":"https:\/\/diarioregionaldigital.com.br\/index.php?rest_route=%2Fwp%2Fv2%2Ftags&post=191547"}],"curies":[{"name":"wp","href":"https:\/\/api.w.org\/{rel}","templated":true}]}}