{"id":191538,"date":"2021-11-25T20:11:33","date_gmt":"2021-11-25T23:11:33","guid":{"rendered":"https:\/\/diarioregionaldigital.com.br\/?p=191538"},"modified":"2021-11-25T20:11:33","modified_gmt":"2021-11-25T23:11:33","slug":"conmebol-decreta-o-fim-da-regra-do-gol-fora-de-casa","status":"publish","type":"post","link":"https:\/\/diarioregionaldigital.com.br\/?p=191538","title":{"rendered":"Conmebol decreta o fim da regra do gol fora de casa"},"content":{"rendered":"<p>O crit\u00e9rio do gol fora de casa n\u00e3o valer\u00e1 mais a partir da pr\u00f3xima temporada nos campeonatos de futebol do continente sul-americano. A decis\u00e3o foi anunciada nesta quinta-feira (25) pela Confedera\u00e7\u00e3o Sul-Americana de Futebol (Conmebol),\u00a0ap\u00f3s reuni\u00e3o do conselho para discutir os \u00faltimos detalhes da final da Copa Libertadores, no pr\u00f3ximo s\u00e1bado (27), entre Flamengo e Palmeiras, em Montevid\u00e9u (Uruguai). De acordo com a entidade, o cancelamento da regra garantir\u00e1 mais \u201cjusti\u00e7a esportiva\u201d.\u00a0<img decoding=\"async\" src=\"https:\/\/agenciabrasil.ebc.com.br\/ebc.png?id=1429046&amp;o=node\" \/><img decoding=\"async\" src=\"https:\/\/agenciabrasil.ebc.com.br\/ebc.gif?id=1429046&amp;o=node\" \/><\/p>\n<p>Pelo\u00a0<a href=\"https:\/\/twitter.com\/agdws\/status\/1463898090876780546\">Twitter<\/a>, o presidente da entidade Alejandro Dom\u00ednguez afirmou que \u201c todos os gols dos torneios da Conmebol ter\u00e3o o mesmo valor, os muitos gols convertidos como visitante n\u00e3o ser\u00e3o mais considerados como fator de desempate. Com isso, visa-se uma maior justi\u00e7a esportiva\u201d.<\/p>\n<p>Al\u00e9m da entidade sul-americana, a Uefa (Uni\u00e3o das Federa\u00e7\u00f5es Europeias de Futebol) decidiu abolir o crit\u00e9rio do &#8220;gol fora de casa&#8221; em junho deste ano. J\u00e1 a\u00a0CBF (Confedera\u00e7\u00e3o Brasileira de Futebol) n\u00e3o adota mais a regra em suas competi\u00e7\u00f5es desde 2018.<\/p>\n<p><span style=\"font-weight: 400;\"><br \/>\n<\/span><span style=\"font-weight: 400;\">Fonte: Ag\u00eancia Brasil <\/span><\/p>\n","protected":false},"excerpt":{"rendered":"<p>O crit\u00e9rio do gol fora de casa n\u00e3o valer\u00e1 mais a partir da pr\u00f3xima temporada nos campeonatos de futebol do continente sul-americano. A decis\u00e3o foi anunciada nesta quinta-feira (25) pela Confedera\u00e7\u00e3o Sul-Americana de Futebol (Conmebol),\u00a0ap\u00f3s reuni\u00e3o do conselho para discutir os \u00faltimos detalhes da final da Copa Libertadores, no pr\u00f3ximo s\u00e1bado (27), entre Flamengo e [&hellip;]<\/p>\n","protected":false},"author":246,"featured_media":191539,"comment_status":"closed","ping_status":"closed","sticky":false,"template":"","format":"standard","meta":{"footnotes":""},"categories":[436,257],"tags":[],"class_list":["post-191538","post","type-post","status-publish","format-standard","has-post-thumbnail","hentry","category-destaque-da-semana","category-esporte"],"_links":{"self":[{"href":"https:\/\/diarioregionaldigital.com.br\/index.php?rest_route=\/wp\/v2\/posts\/191538","targetHints":{"allow":["GET"]}}],"collection":[{"href":"https:\/\/diarioregionaldigital.com.br\/index.php?rest_route=\/wp\/v2\/posts"}],"about":[{"href":"https:\/\/diarioregionaldigital.com.br\/index.php?rest_route=\/wp\/v2\/types\/post"}],"author":[{"embeddable":true,"href":"https:\/\/diarioregionaldigital.com.br\/index.php?rest_route=\/wp\/v2\/users\/246"}],"replies":[{"embeddable":true,"href":"https:\/\/diarioregionaldigital.com.br\/index.php?rest_route=%2Fwp%2Fv2%2Fcomments&post=191538"}],"version-history":[{"count":1,"href":"https:\/\/diarioregionaldigital.com.br\/index.php?rest_route=\/wp\/v2\/posts\/191538\/revisions"}],"predecessor-version":[{"id":191540,"href":"https:\/\/diarioregionaldigital.com.br\/index.php?rest_route=\/wp\/v2\/posts\/191538\/revisions\/191540"}],"wp:featuredmedia":[{"embeddable":true,"href":"https:\/\/diarioregionaldigital.com.br\/index.php?rest_route=\/wp\/v2\/media\/191539"}],"wp:attachment":[{"href":"https:\/\/diarioregionaldigital.com.br\/index.php?rest_route=%2Fwp%2Fv2%2Fmedia&parent=191538"}],"wp:term":[{"taxonomy":"category","embeddable":true,"href":"https:\/\/diarioregionaldigital.com.br\/index.php?rest_route=%2Fwp%2Fv2%2Fcategories&post=191538"},{"taxonomy":"post_tag","embeddable":true,"href":"https:\/\/diarioregionaldigital.com.br\/index.php?rest_route=%2Fwp%2Fv2%2Ftags&post=191538"}],"curies":[{"name":"wp","href":"https:\/\/api.w.org\/{rel}","templated":true}]}}