{"id":191535,"date":"2021-11-25T20:09:44","date_gmt":"2021-11-25T23:09:44","guid":{"rendered":"https:\/\/diarioregionaldigital.com.br\/?p=191535"},"modified":"2021-11-25T20:09:44","modified_gmt":"2021-11-25T23:09:44","slug":"calderano-vence-na-estreia-e-volta-a-jogar-nesta-madrugada-no-mundial","status":"publish","type":"post","link":"https:\/\/diarioregionaldigital.com.br\/?p=191535","title":{"rendered":"Calderano vence na estreia e volta a jogar nesta madrugada no Mundial"},"content":{"rendered":"<p>O carioca Hugo Calderano avan\u00e7ou no Campeonato Mundial de T\u00eanis de Mesa em Houston (Estados Unidos) ao derrotar na estreia o portugu\u00eas Jo\u00e3o Monteiro, por 4 sets a 1, na madrugada desta quinta-feira (24). \u00danico brasileiro ainda na disputa de p\u00f3dio in\u00e9dito para o pa\u00eds na competi\u00e7\u00e3o, Calderano volta a competir \u00e0s 0h20 (hor\u00e1rio de Bras\u00edlia) desta sexta (26), contra o belga Cedric Nuytinck.<img decoding=\"async\" src=\"https:\/\/agenciabrasil.ebc.com.br\/ebc.png?id=1428981&amp;o=node\" \/><img decoding=\"async\" src=\"https:\/\/agenciabrasil.ebc.com.br\/ebc.gif?id=1428981&amp;o=node\" \/><\/p>\n<p>Na estreia desta madrugada, o brasileiro, n\u00famero quatro do mundo, come\u00e7ou perdendo o primeiro set (8\/11), mas depois sobrou diante de Monteiro, fechando as outras quatro parciais por 11\/4, 11\/5, 11\/2 e 11\/6.<\/p>\n<p>Em boa fase, Calderano ter\u00e1 a chance de revanche na pr\u00f3xima madrugada contra Nuytinck, 75\u00ba no ranking mundial. O brasileiro j\u00e1 foi superado pelo belga em dois confrontos internacionais (2012 e 2019).<\/p>\n<p><strong>Outros resultados<\/strong><\/p>\n<p>Seis\u00a0brasileiros se despediram na competi\u00e7\u00e3o nesta quarta (24). Nas duplas masculinas, Eric Jouti e Vitor Ishiy foram superados por 3 a 1 (parciais de 13\/15, 13\/11, 7\/11 e 7\/11 ) pelos suecos Anton Kallberg e Truls Moregard. A outra parceria nacional formada por Gustavo Tsuboi e Thiago Monteiro tamb\u00e9m deu adeus \u00e0 competi\u00e7\u00e3o ao perder para outra dupla sueca &#8211;\u00a0 Kristian Karlsson e Mattias Falck por 3 sets a 0 (5\/11, 9\/11 e 10\/12).<\/p>\n<p>Na disputa de duplas femininas, Bruna Takahashi e Caroline Kumahara foram eliminadas por 3 sets a 0 (9\/11, 5\/11 e 4\/11)\u00a0 pela parceria da Fran\u00e7a, formada por Jia Nan Yuan e Pauline Chasselin.<\/p>\n<p>No torneio individual, Vitor Ishiy perdeu de virada para o nigeriano o nigeriano Quadri Aruna, por\u00a04 sets a 2 (11\/6, 6\/11, 6\/11, 5\/11, 11\/3 e 7\/11). O cearense Thiago Monteiro tamb\u00e9m foi superado, por 4 a 0 pelo dinamarqu\u00eas Jonathan Groth.<\/p>\n<p>J\u00e1 na madrugada desta quinta (25), Tsuboi encerrou sua participa\u00e7\u00e3o no Mundial, ao perder para Pang Yew En Koen, por 4 sets\u00a0a 2 (11\/8, 7\/11, 7\/11, 11\/13, 11\/9 e 6\/11).<\/p>\n<p>No torneio individual feminino, Bruna Takahash (38\u00aa no rankink mundial) n\u00e3o passou pela japonesa Miu Hirano, 12\u00aa do mundo. A brasileira foi superada por 4 sets a 0 5\/11, 9\/11, 9\/11 e 14\/16).<\/p>\n<p><span style=\"font-weight: 400;\">Fonte: Ag\u00eancia Brasil <\/span><\/p>\n","protected":false},"excerpt":{"rendered":"<p>O carioca Hugo Calderano avan\u00e7ou no Campeonato Mundial de T\u00eanis de Mesa em Houston (Estados Unidos) ao derrotar na estreia o portugu\u00eas Jo\u00e3o Monteiro, por 4 sets a 1, na madrugada desta quinta-feira (24). \u00danico brasileiro ainda na disputa de p\u00f3dio in\u00e9dito para o pa\u00eds na competi\u00e7\u00e3o, Calderano volta a competir \u00e0s 0h20 (hor\u00e1rio de [&hellip;]<\/p>\n","protected":false},"author":246,"featured_media":191536,"comment_status":"closed","ping_status":"closed","sticky":false,"template":"","format":"standard","meta":{"footnotes":""},"categories":[436,440,257,439],"tags":[],"class_list":["post-191535","post","type-post","status-publish","format-standard","has-post-thumbnail","hentry","category-destaque-da-semana","category-destaques-do-dia","category-esporte","category-ultima-hora"],"_links":{"self":[{"href":"https:\/\/diarioregionaldigital.com.br\/index.php?rest_route=\/wp\/v2\/posts\/191535","targetHints":{"allow":["GET"]}}],"collection":[{"href":"https:\/\/diarioregionaldigital.com.br\/index.php?rest_route=\/wp\/v2\/posts"}],"about":[{"href":"https:\/\/diarioregionaldigital.com.br\/index.php?rest_route=\/wp\/v2\/types\/post"}],"author":[{"embeddable":true,"href":"https:\/\/diarioregionaldigital.com.br\/index.php?rest_route=\/wp\/v2\/users\/246"}],"replies":[{"embeddable":true,"href":"https:\/\/diarioregionaldigital.com.br\/index.php?rest_route=%2Fwp%2Fv2%2Fcomments&post=191535"}],"version-history":[{"count":1,"href":"https:\/\/diarioregionaldigital.com.br\/index.php?rest_route=\/wp\/v2\/posts\/191535\/revisions"}],"predecessor-version":[{"id":191537,"href":"https:\/\/diarioregionaldigital.com.br\/index.php?rest_route=\/wp\/v2\/posts\/191535\/revisions\/191537"}],"wp:featuredmedia":[{"embeddable":true,"href":"https:\/\/diarioregionaldigital.com.br\/index.php?rest_route=\/wp\/v2\/media\/191536"}],"wp:attachment":[{"href":"https:\/\/diarioregionaldigital.com.br\/index.php?rest_route=%2Fwp%2Fv2%2Fmedia&parent=191535"}],"wp:term":[{"taxonomy":"category","embeddable":true,"href":"https:\/\/diarioregionaldigital.com.br\/index.php?rest_route=%2Fwp%2Fv2%2Fcategories&post=191535"},{"taxonomy":"post_tag","embeddable":true,"href":"https:\/\/diarioregionaldigital.com.br\/index.php?rest_route=%2Fwp%2Fv2%2Ftags&post=191535"}],"curies":[{"name":"wp","href":"https:\/\/api.w.org\/{rel}","templated":true}]}}