{"id":191526,"date":"2021-11-25T19:52:03","date_gmt":"2021-11-25T22:52:03","guid":{"rendered":"https:\/\/diarioregionaldigital.com.br\/?p=191526"},"modified":"2021-11-25T19:52:03","modified_gmt":"2021-11-25T22:52:03","slug":"camara-aprova-mp-que-autoriza-postos-a-comprar-etanol-de-produtores","status":"publish","type":"post","link":"https:\/\/diarioregionaldigital.com.br\/?p=191526","title":{"rendered":"C\u00e2mara aprova MP que autoriza postos a comprar etanol de produtores"},"content":{"rendered":"<p>A C\u00e2mara dos Deputados aprovou, nesta quinta-feira (25), a Medida Provis\u00f3ria (MP) 1063\/21, que autoriza os postos de combust\u00edveis a comprarem \u00e1lcool combust\u00edvel (etanol hidratado) diretamente de produtores e importadores. O texto segue apara an\u00e1lise do Senado.<img decoding=\"async\" src=\"https:\/\/agenciabrasil.ebc.com.br\/ebc.png?id=1429051&amp;o=node\" \/><img decoding=\"async\" src=\"https:\/\/agenciabrasil.ebc.com.br\/ebc.gif?id=1429051&amp;o=node\" \/><\/p>\n<p>Segundo o governo, a MP tem a inten\u00e7\u00e3o do governo de aumentar a competi\u00e7\u00e3o no setor de combust\u00edveis ao eliminar a obrigatoriedade dos postos de comprar o etanol apenas dos distribuidores. Estes poder\u00e3o continuar atuando, mas os postos ter\u00e3o a op\u00e7\u00e3o de comprar o etanol diretamente de produtores nacionais, que s\u00e3o os maiores fornecedores do produto, ou do importador.<\/p>\n<p>O texto do relator, deputado Augusto Coutinho (Solidariedade-PE), incorpora ao texto trechos da MP 1069\/21, que permite a venda direta aos postos tamb\u00e9m para as cooperativas de produ\u00e7\u00e3o ou comercializa\u00e7\u00e3o de etanol e as empresas comercializadoras desse combust\u00edvel.<\/p>\n<p>Durante a vota\u00e7\u00e3o dos destaques, os deputados aprovaram um destaque apresentado pelo PT que retirou a permiss\u00e3o para a venda de combust\u00edveis de outros fornecedores diferentes do vinculado \u00e0 bandeira do posto.<\/p>\n<p><span style=\"font-weight: 400;\">Fonte: Ag\u00eancia Brasil \/ Ag\u00eancia C\u00e2mara<\/span><\/p>\n","protected":false},"excerpt":{"rendered":"<p>A C\u00e2mara dos Deputados aprovou, nesta quinta-feira (25), a Medida Provis\u00f3ria (MP) 1063\/21, que autoriza os postos de combust\u00edveis a comprarem \u00e1lcool combust\u00edvel (etanol hidratado) diretamente de produtores e importadores. O texto segue apara an\u00e1lise do Senado. Segundo o governo, a MP tem a inten\u00e7\u00e3o do governo de aumentar a competi\u00e7\u00e3o no setor de combust\u00edveis [&hellip;]<\/p>\n","protected":false},"author":246,"featured_media":191527,"comment_status":"closed","ping_status":"closed","sticky":false,"template":"","format":"standard","meta":{"footnotes":""},"categories":[436,254],"tags":[],"class_list":["post-191526","post","type-post","status-publish","format-standard","has-post-thumbnail","hentry","category-destaque-da-semana","category-politica"],"_links":{"self":[{"href":"https:\/\/diarioregionaldigital.com.br\/index.php?rest_route=\/wp\/v2\/posts\/191526","targetHints":{"allow":["GET"]}}],"collection":[{"href":"https:\/\/diarioregionaldigital.com.br\/index.php?rest_route=\/wp\/v2\/posts"}],"about":[{"href":"https:\/\/diarioregionaldigital.com.br\/index.php?rest_route=\/wp\/v2\/types\/post"}],"author":[{"embeddable":true,"href":"https:\/\/diarioregionaldigital.com.br\/index.php?rest_route=\/wp\/v2\/users\/246"}],"replies":[{"embeddable":true,"href":"https:\/\/diarioregionaldigital.com.br\/index.php?rest_route=%2Fwp%2Fv2%2Fcomments&post=191526"}],"version-history":[{"count":1,"href":"https:\/\/diarioregionaldigital.com.br\/index.php?rest_route=\/wp\/v2\/posts\/191526\/revisions"}],"predecessor-version":[{"id":191528,"href":"https:\/\/diarioregionaldigital.com.br\/index.php?rest_route=\/wp\/v2\/posts\/191526\/revisions\/191528"}],"wp:featuredmedia":[{"embeddable":true,"href":"https:\/\/diarioregionaldigital.com.br\/index.php?rest_route=\/wp\/v2\/media\/191527"}],"wp:attachment":[{"href":"https:\/\/diarioregionaldigital.com.br\/index.php?rest_route=%2Fwp%2Fv2%2Fmedia&parent=191526"}],"wp:term":[{"taxonomy":"category","embeddable":true,"href":"https:\/\/diarioregionaldigital.com.br\/index.php?rest_route=%2Fwp%2Fv2%2Fcategories&post=191526"},{"taxonomy":"post_tag","embeddable":true,"href":"https:\/\/diarioregionaldigital.com.br\/index.php?rest_route=%2Fwp%2Fv2%2Ftags&post=191526"}],"curies":[{"name":"wp","href":"https:\/\/api.w.org\/{rel}","templated":true}]}}