{"id":191347,"date":"2021-11-22T19:29:12","date_gmt":"2021-11-22T22:29:12","guid":{"rendered":"https:\/\/diarioregionaldigital.com.br\/?p=191347"},"modified":"2021-11-22T19:29:12","modified_gmt":"2021-11-22T22:29:12","slug":"professoras-da-rede-estadual-de-minas-gerais-sao-finalistas-da-olimpiada-de-lingua-portuguesa","status":"publish","type":"post","link":"https:\/\/diarioregionaldigital.com.br\/?p=191347","title":{"rendered":"Professoras da rede estadual de Minas Gerais s\u00e3o finalistas da Olimp\u00edada de L\u00edngua Portuguesa"},"content":{"rendered":"<p>Quatro professoras da rede estadual de ensino de Minas Gerais foram selecionadas para a fase final da 7\u00aa edi\u00e7\u00e3o da Olimp\u00edada de L\u00edngua Portuguesa. S\u00e3o elas: Rosileni Muniz da Silva, da Escola Estadual\u00a0da Vila Novo Horizonte, em Montalv\u00e2nia; Lourdes Aparecida Lopes Barbosa de Souza, da E.E. de Lambari, em Novo Cruzeiro; Shantynett Souza Ferreira Magalh\u00e3es Alves, da E.E. Bet\u00e2nia Tolentino Silveira, em Espinosa; e Renata Soares Souza Dias, da E.E. Dom L\u00facio, tamb\u00e9m no munic\u00edpio de Espinosa. As educadoras aguardam agora a divulga\u00e7\u00e3o dos vencedores da competi\u00e7\u00e3o, que est\u00e1 marcada para 10\/12.<\/p>\n<p>A professora Lourdes Aparecida, da Escola Estadual de Lambari, foi selecionada como finalista em dois g\u00eaneros: cr\u00f4nica e artigo de opini\u00e3o.\u00a0Para ela, sempre foi um sonho participar da competi\u00e7\u00e3o e ver o nome da unidade de ensino em destaque. \u201cEssa \u00e9 a escola em que eu e meus filhos estudamos. Agora trabalho aqui e meu grande desejo era participar da Olimp\u00edada e levar o nome da\u00a0institui\u00e7\u00e3o. Ao chegar na final me sinto realizada. Eu e os alunos nos dedicamos muito\u201d, conta.<\/p>\n<p>Para participar da Olimp\u00edada, escolas de todo o pa\u00eds tiveram que desenvolver oficinas com os alunos. Com a pandemia da covid-19, as atividades foram feitas de forma remota e, na Escola Estadual da Vila Novo Horizonte, com grande parte dos alunos morando na zona rural, a alternativa foi elaborar as atividades de forma impressa, como destaca a professora Rosileni Muniz. \u201cEnviamos as atividades impressas para os alunos, com orienta\u00e7\u00f5es de como resolv\u00ea-las. Nos grupos postamos v\u00eddeos e \u00e1udios com orienta\u00e7\u00f5es\u00a0das oficinas. Foi tudo adaptado de acordo com a nossa realidade. Tamb\u00e9m buscamos motivar bastante os alunos\u201d, relata.<\/p>\n<p>Em um ano com tantos desafios, ser selecionada como finalista foi muito importante para a educadora. \u201cSuperamos as dificuldades da nossa realidade local e tamb\u00e9m do distanciamento social. Ao fazer uma an\u00e1lise de todo trabalho realizado, percebo que aprendi muito. Aprendi com os meus alunos no trabalho sequenciado com cada g\u00eanero textual, aprendi a apreciar e valorizar mais o lugar onde vivo, aprendi tamb\u00e9m a escrever o meu relato de pr\u00e1tica, atrav\u00e9s da reflex\u00e3o do meu fazer pedag\u00f3gico\u201d, revela Rosileni Muniz.<\/p>\n<p>No munic\u00edpio de Espinosa, duas escolas estaduais foram selecionadas para a fase final. Na E.E.\u00a0Dom L\u00facio, a participa\u00e7\u00e3o na competi\u00e7\u00e3o j\u00e1 \u00e9 tradi\u00e7\u00e3o e, para Renata Soares, mesmo com todos os desafios, o esfor\u00e7o dos professores e alunos valeu a pena. \u201c\u00c9 uma alegria imensa esse resultado, e ainda mais\u00a0saber que\u00a0nossas pr\u00e1ticas pedag\u00f3gicas est\u00e3o no caminho certo, apesar dos desafios educacionais que\u00a0passamos, tendo que aprender e adaptar novas pr\u00e1ticas e estrat\u00e9gias em t\u00e3o pouco tempo. Todo esfor\u00e7o vale a pena, pois prezamos por uma educa\u00e7\u00e3o p\u00fablica de qualidade\u201d, conclui.<\/p>\n<p>Na Escola Estadual Bet\u00e2nia Tolentino Silveira, os alunos da professora Shantynett Souza foram selecionados nos g\u00eaneros de document\u00e1rio e artigo de opini\u00e3o. A educadora conta que\u00a0conseguiu conciliar as atividades propostas pelos Planos de Estudos Tutorados (PETs) e as sequ\u00eancias did\u00e1ticas apresentadas pela organiza\u00e7\u00e3o da Olimp\u00edada. \u201cFomos adaptando as sequ\u00eancias e unindo com o PET. Foi um trabalho concomitante\u201d, diz.<\/p>\n<p>Na edi\u00e7\u00e3o de 2019 da Olimp\u00edada de L\u00edngua Portuguesa, a escola tamb\u00e9m havia sido finalista. \u201cFizemos as atividades com uma maturidade maior, mas tamb\u00e9m tivemos um grande desafio que foi a pandemia da covid-19. Com isso, usamos estrat\u00e9gias diferenciadas e ficamos muito felizes com o resultado, porque conseguimos mobilizar toda comunidade. Tudo foi muito gratificante\u201d, finaliza.<\/p>\n<p>Antes de serem selecionadas para a etapa final, as professoras e seus alunos participaram dos \u201cEncontros de Semifinalistas\u201d,\u00a0entre os meses de outubro e novembro. Em reuni\u00f5es virtuais, com dura\u00e7\u00e3o de quatro dias, as educadoras\u00a0participaram de atividades remotas que envolveram palestras, debates, encontros virtuais, entre outros.<\/p>\n<p>A lista com todos os finalistas para a \u00faltima\u00a0etapa\u00a0da Olimp\u00edada pode ser acessada no site<a id=\"LPlnk726886\" href=\"https:\/\/www.escrevendoofuturo.org.br\/\" target=\"_blank\" rel=\"noopener\">\u00a0https:\/\/www.escrevendoofuturo.org.br\/<\/a>\u00a0.<\/p>\n<p><strong>Olimp\u00edada<\/strong><\/p>\n<p>A Olimp\u00edada de L\u00edngua Portuguesa, que busca apoiar professores da rede p\u00fablica no aprimoramento das pr\u00e1ticas de ensino de leitura e escrita, recebeu mais de 112 mil inscri\u00e7\u00f5es nesta 7\u00aa edi\u00e7\u00e3o e teve a ades\u00e3o de todos os estados brasileiros, somando\u00a03.877 munic\u00edpios e mais de 27 mil escolas inscritas.<\/p>\n<p>O concurso pretende evidenciar como protagonistas o professor e a sua turma de estudantes e os estimulaa construir o Relato de Pr\u00e1tica. para\u00a0registrar os processos de ensino-aprendizagem.\u00a0Os\u00a0trabalhos envolvem a\u00a0produ\u00e7\u00e3o liter\u00e1ria e audiovisual\u00a0de um dos seguintes g\u00eaneros textuais\u00a0do concurso: Poema, Mem\u00f3rias liter\u00e1rias, Cr\u00f4nica, Document\u00e1rio e Artigo de opini\u00e3o.<\/p>\n<p>O tema norteador para a produ\u00e7\u00e3o do Relato de Pr\u00e1tica foi &#8220;O lugar onde vivo&#8221;. A partir da produ\u00e7\u00e3o do relato, crian\u00e7as e jovens tiveram a oportunidade de aprender a produzir um g\u00eanero discursivo e se aprofundar ainda mais sobre o lugar onde moram.<\/p>\n<p>A iniciativa integra o Programa Escrevendo o Futuro, desenvolvido pelo Ita\u00fa Social com a coordena\u00e7\u00e3o t\u00e9cnica do\u00a0Centro de Estudos e Pesquisas em Educa\u00e7\u00e3o, Cultura e A\u00e7\u00e3o Comunit\u00e1ria (Cenpec). Conta com a parceria do Minist\u00e9rio da Educa\u00e7\u00e3o, da\u00a0Uni\u00e3o Nacional dos Dirigentes Municipais de Educa\u00e7\u00e3o (Undime), do Conselho Nacional de Secret\u00e1rios de Educa\u00e7\u00e3o (Consed), da Funda\u00e7\u00e3o Roberto Marinho e do Canal Futura.<\/p>\n<p><span style=\"font-weight: 400;\">Fonte: Ag\u00eancia Minas <\/span><\/p>\n","protected":false},"excerpt":{"rendered":"<p>Quatro professoras da rede estadual de ensino de Minas Gerais foram selecionadas para a fase final da 7\u00aa edi\u00e7\u00e3o da Olimp\u00edada de L\u00edngua Portuguesa. S\u00e3o elas: Rosileni Muniz da Silva, da Escola Estadual\u00a0da Vila Novo Horizonte, em Montalv\u00e2nia; Lourdes Aparecida Lopes Barbosa de Souza, da E.E. de Lambari, em Novo Cruzeiro; Shantynett Souza Ferreira Magalh\u00e3es [&hellip;]<\/p>\n","protected":false},"author":246,"featured_media":191348,"comment_status":"closed","ping_status":"closed","sticky":false,"template":"","format":"standard","meta":{"footnotes":""},"categories":[436,254,252,439],"tags":[],"class_list":["post-191347","post","type-post","status-publish","format-standard","has-post-thumbnail","hentry","category-destaque-da-semana","category-politica","category-regiao","category-ultima-hora"],"_links":{"self":[{"href":"https:\/\/diarioregionaldigital.com.br\/index.php?rest_route=\/wp\/v2\/posts\/191347","targetHints":{"allow":["GET"]}}],"collection":[{"href":"https:\/\/diarioregionaldigital.com.br\/index.php?rest_route=\/wp\/v2\/posts"}],"about":[{"href":"https:\/\/diarioregionaldigital.com.br\/index.php?rest_route=\/wp\/v2\/types\/post"}],"author":[{"embeddable":true,"href":"https:\/\/diarioregionaldigital.com.br\/index.php?rest_route=\/wp\/v2\/users\/246"}],"replies":[{"embeddable":true,"href":"https:\/\/diarioregionaldigital.com.br\/index.php?rest_route=%2Fwp%2Fv2%2Fcomments&post=191347"}],"version-history":[{"count":1,"href":"https:\/\/diarioregionaldigital.com.br\/index.php?rest_route=\/wp\/v2\/posts\/191347\/revisions"}],"predecessor-version":[{"id":191349,"href":"https:\/\/diarioregionaldigital.com.br\/index.php?rest_route=\/wp\/v2\/posts\/191347\/revisions\/191349"}],"wp:featuredmedia":[{"embeddable":true,"href":"https:\/\/diarioregionaldigital.com.br\/index.php?rest_route=\/wp\/v2\/media\/191348"}],"wp:attachment":[{"href":"https:\/\/diarioregionaldigital.com.br\/index.php?rest_route=%2Fwp%2Fv2%2Fmedia&parent=191347"}],"wp:term":[{"taxonomy":"category","embeddable":true,"href":"https:\/\/diarioregionaldigital.com.br\/index.php?rest_route=%2Fwp%2Fv2%2Fcategories&post=191347"},{"taxonomy":"post_tag","embeddable":true,"href":"https:\/\/diarioregionaldigital.com.br\/index.php?rest_route=%2Fwp%2Fv2%2Ftags&post=191347"}],"curies":[{"name":"wp","href":"https:\/\/api.w.org\/{rel}","templated":true}]}}