{"id":191344,"date":"2021-11-22T19:27:02","date_gmt":"2021-11-22T22:27:02","guid":{"rendered":"https:\/\/diarioregionaldigital.com.br\/?p=191344"},"modified":"2021-11-22T19:27:02","modified_gmt":"2021-11-22T22:27:02","slug":"senado-aprova-modificacao-nos-limites-da-floresta-nacional-de-brasilia","status":"publish","type":"post","link":"https:\/\/diarioregionaldigital.com.br\/?p=191344","title":{"rendered":"Senado aprova modifica\u00e7\u00e3o nos limites da Floresta Nacional de Bras\u00edlia"},"content":{"rendered":"<p>O Senado aprovou nesta quinta-feira (18) o projeto de lei que altera os limites da Floresta Nacional de Bras\u00edlia (Flona), no Distrito Federal. A mat\u00e9ria segue para aprecia\u00e7\u00e3o da C\u00e2mara dos Deputados.<img decoding=\"async\" src=\"https:\/\/agenciabrasil.ebc.com.br\/ebc.png?id=1428227&amp;o=node\" \/><img decoding=\"async\" src=\"https:\/\/agenciabrasil.ebc.com.br\/ebc.gif?id=1428227&amp;o=node\" \/><\/p>\n<p>De autoria do senador Izalci Lucas (PSDB-DF), o texto exclui 4 mil hectares da flona para regulariza\u00e7\u00e3o fundi\u00e1ria urbana e estabelecimento de nova modalidade de unidade de conserva\u00e7\u00e3o. O projeto tamb\u00e9m prev\u00ea a expans\u00e3o aproximada de 3.753 hectares da flona e a amplia\u00e7\u00e3o da Reserva Biol\u00f3gica da Contagem, que passa \u00e0 categoria de parque nacional.<\/p>\n<p>O projeto estabelece como contrapartida \u00e0s modifica\u00e7\u00f5es, a extens\u00e3o de limites da Floresta Nacional de Bras\u00edlia at\u00e9 o C\u00f3rrego Currais, compreendendo uma \u00e1rea aproximada total de 3.753 hectares.<\/p>\n<p>A proposta autoriza as atividades de manuten\u00e7\u00e3o de capta\u00e7\u00e3o de \u00e1gua da Barragem de Santa Maria; na regi\u00e3o da Chapada da Contagem integrantes do Parque Nacional da Chapada da Contagem; e na regi\u00e3o da bacia do Rio Descoberto no interior da Floresta Nacional de Bras\u00edlia, operadas pela Companhia de Saneamento Ambiental do Distrito Federal (Caesb).<\/p>\n<p>Para a relatora, senadora Leila Barros (Cidadania-DF), o projeto traz \u201cganhos ambientais na forma de aquisi\u00e7\u00e3o de \u00e1reas ecologicamente sens\u00edveis e que v\u00eam prestando relevantes servi\u00e7os ecossist\u00eamicos\u201d.<\/p>\n<p>Segundo a senadora, uma das \u00e1reas modificadas pela proposta foi ocupada pelo assentamento \u201c26 de Setembro\u201d, de modo que suas condi\u00e7\u00f5es ambientais originais est\u00e3o h\u00e1 muito desfiguradas e dessa forma, n\u00e3o h\u00e1 raz\u00e3o mant\u00ea-la como unidade de conserva\u00e7\u00e3o da natureza, do ponto de vista t\u00e9cnico-ambiental.<\/p>\n<p><span style=\"font-weight: 400;\">Fonte: Ag\u00eancia Brasil \/ Ag\u00eancia Senado<\/span><\/p>\n","protected":false},"excerpt":{"rendered":"<p>O Senado aprovou nesta quinta-feira (18) o projeto de lei que altera os limites da Floresta Nacional de Bras\u00edlia (Flona), no Distrito Federal. A mat\u00e9ria segue para aprecia\u00e7\u00e3o da C\u00e2mara dos Deputados. De autoria do senador Izalci Lucas (PSDB-DF), o texto exclui 4 mil hectares da flona para regulariza\u00e7\u00e3o fundi\u00e1ria urbana e estabelecimento de nova [&hellip;]<\/p>\n","protected":false},"author":246,"featured_media":191345,"comment_status":"closed","ping_status":"closed","sticky":false,"template":"","format":"standard","meta":{"footnotes":""},"categories":[436,254],"tags":[],"class_list":["post-191344","post","type-post","status-publish","format-standard","has-post-thumbnail","hentry","category-destaque-da-semana","category-politica"],"_links":{"self":[{"href":"https:\/\/diarioregionaldigital.com.br\/index.php?rest_route=\/wp\/v2\/posts\/191344","targetHints":{"allow":["GET"]}}],"collection":[{"href":"https:\/\/diarioregionaldigital.com.br\/index.php?rest_route=\/wp\/v2\/posts"}],"about":[{"href":"https:\/\/diarioregionaldigital.com.br\/index.php?rest_route=\/wp\/v2\/types\/post"}],"author":[{"embeddable":true,"href":"https:\/\/diarioregionaldigital.com.br\/index.php?rest_route=\/wp\/v2\/users\/246"}],"replies":[{"embeddable":true,"href":"https:\/\/diarioregionaldigital.com.br\/index.php?rest_route=%2Fwp%2Fv2%2Fcomments&post=191344"}],"version-history":[{"count":1,"href":"https:\/\/diarioregionaldigital.com.br\/index.php?rest_route=\/wp\/v2\/posts\/191344\/revisions"}],"predecessor-version":[{"id":191346,"href":"https:\/\/diarioregionaldigital.com.br\/index.php?rest_route=\/wp\/v2\/posts\/191344\/revisions\/191346"}],"wp:featuredmedia":[{"embeddable":true,"href":"https:\/\/diarioregionaldigital.com.br\/index.php?rest_route=\/wp\/v2\/media\/191345"}],"wp:attachment":[{"href":"https:\/\/diarioregionaldigital.com.br\/index.php?rest_route=%2Fwp%2Fv2%2Fmedia&parent=191344"}],"wp:term":[{"taxonomy":"category","embeddable":true,"href":"https:\/\/diarioregionaldigital.com.br\/index.php?rest_route=%2Fwp%2Fv2%2Fcategories&post=191344"},{"taxonomy":"post_tag","embeddable":true,"href":"https:\/\/diarioregionaldigital.com.br\/index.php?rest_route=%2Fwp%2Fv2%2Ftags&post=191344"}],"curies":[{"name":"wp","href":"https:\/\/api.w.org\/{rel}","templated":true}]}}