{"id":191341,"date":"2021-11-22T19:23:20","date_gmt":"2021-11-22T22:23:20","guid":{"rendered":"https:\/\/diarioregionaldigital.com.br\/?p=191341"},"modified":"2021-11-22T19:23:20","modified_gmt":"2021-11-22T22:23:20","slug":"presidente-sanciona-lei-que-institui-o-auxilio-gas","status":"publish","type":"post","link":"https:\/\/diarioregionaldigital.com.br\/?p=191341","title":{"rendered":"Presidente sanciona lei que institui o aux\u00edlio g\u00e1s"},"content":{"rendered":"<p>O presidente Jair Bolsonaro sancionou a lei que cria o Programa G\u00e1s dos Brasileiros, o chamado aux\u00edlio g\u00e1s, que vai subsidiar o pre\u00e7o do g\u00e1s de cozinha para fam\u00edlias de baixa renda. A medida foi publicada hoje (22) no\u00a0<a href=\"https:\/\/www.in.gov.br\/en\/web\/dou\/-\/lei-n-14.237-de-19-de-novembro-de-2021-360896474\" target=\"_blank\" rel=\"noopener\"><em>Di\u00e1rio Oficial da Uni\u00e3o<\/em><\/a>\u00a0e ficar\u00e1 em vigor por cinco anos, contados a partir da abertura dos cr\u00e9ditos or\u00e7ament\u00e1rios necess\u00e1rios.<img decoding=\"async\" src=\"https:\/\/agenciabrasil.ebc.com.br\/ebc.png?id=1428522&amp;o=node\" \/><img decoding=\"async\" src=\"https:\/\/agenciabrasil.ebc.com.br\/ebc.gif?id=1428522&amp;o=node\" \/><\/p>\n<p>Cada fam\u00edlia beneficiada vai receber, a cada dois meses, o equivalente a 50% da m\u00e9dia do pre\u00e7o nacional do botij\u00e3o de 13 quilos. Esse valor ser\u00e1 estabelecido pelo Sistema de Levantamento de Pre\u00e7os (SLP) da Ag\u00eancia Nacional do Petr\u00f3leo, G\u00e1s Natural e Biocombust\u00edveis (ANP), nos seis meses anteriores, conforme regras que ainda ser\u00e3o definidas em decreto.<\/p>\n<p>O aux\u00edlio ser\u00e1 destinado \u00e0s fam\u00edlias inscritas no Cadastro \u00danico para Programas Sociais do Governo Federal (Cad\u00danico), com renda familiar mensal\u00a0<em>per capita<\/em>\u00a0menor ou igual a meio sal\u00e1rio m\u00ednimo, ou que morem na mesma casa de quem recebe o Benef\u00edcio de Presta\u00e7\u00e3o Continuada (BPC).<\/p>\n<p>Ele ser\u00e1 concedido, preferencialmente, \u00e0s fam\u00edlias com mulheres v\u00edtimas de viol\u00eancia dom\u00e9stica que estejam sob o monitoramento de medidas protetivas de urg\u00eancia. A prefer\u00eancia de pagamento tamb\u00e9m ser\u00e1 para a mulher respons\u00e1vel pela fam\u00edlia.<\/p>\n<p>O governo utilizar\u00e1 a estrutura do Aux\u00edlio Brasil para fazer os pagamentos do aux\u00edlio g\u00e1s. A operacionaliza\u00e7\u00e3o do programa social \u00e9 feita pela Caixa Econ\u00f4mica Federal.<\/p>\n<div class=\"dnd-widget-wrapper context-cheio_8colunas type-audio\">\n<div class=\"dnd-atom-rendered\">\n<div class=\"col-lg-12 shadow-sm sticky-element px-0 m-0 z-9\">\n<div class=\"rounded-lg\">\n<div class=\"player-wrapper bg-secondary\">\n<div id=\"mep_0\" class=\"mejs__container mejs__container-keyboard-inactive rounded-lg shadow-sm mejs__audio\" tabindex=\"0\" role=\"application\" aria-label=\"Audio Player\">\n<div class=\"mejs__inner\">\n<div class=\"mejs__layers\"><strong><span style=\"color: #565656; font-size: 15px;\">Fonte de recursos<\/span><\/strong><\/div>\n<div class=\"mejs__controls\">\n<div class=\"mejs__button mejs__playpause-button mejs__play\">\n<p>O programa ser\u00e1 financiado com recursos dos\u00a0<em>royalties<\/em>\u00a0pertencentes \u00e0 Uni\u00e3o na produ\u00e7\u00e3o de petr\u00f3leo e g\u00e1s natural sob o regime de partilha de produ\u00e7\u00e3o, de parte da venda do excedente em \u00f3leo da Uni\u00e3o e b\u00f4nus de assinatura nas licita\u00e7\u00f5es de \u00e1reas para a explora\u00e7\u00e3o de petr\u00f3leo e de g\u00e1s natural. Al\u00e9m disso, ser\u00e3o utilizados outros recursos que venham a ser previstos no Or\u00e7amento Geral da Uni\u00e3o e dividendos da Petrobras pagos ao Tesouro Nacional.<\/p>\n<p>A lei tem ainda como uma das fontes de financiamento o montante que cabe \u00e0 Uni\u00e3o da Contribui\u00e7\u00e3o de Interven\u00e7\u00e3o no Dom\u00ednio Econ\u00f4mico (Cide), que passar\u00e1 a incidir sobre o botij\u00e3o de g\u00e1s de 13 quilos.<\/p>\n<p><a href=\"https:\/\/agenciabrasil.ebc.com.br\/politica\/noticia\/2021-10\/camara-dos-deputados-aprova-auxilio-gas-para-familias-carentes\" target=\"_blank\" rel=\"noopener\">Aprovado no m\u00eas passado pelo Congresso<\/a>, a previs\u00e3o \u00e9 que o benef\u00edcio ter\u00e1 um custo de cerca de R$ 592 milh\u00f5es e poder\u00e1 atender dois milh\u00f5es de fam\u00edlias do Cad\u00danico.<\/p>\n<p><span style=\"font-weight: 400;\">Fonte: Ag\u00eancia Brasil <\/span><\/p>\n<\/div>\n<\/div>\n<\/div>\n<\/div>\n<\/div>\n<\/div>\n<\/div>\n<\/div>\n<\/div>\n","protected":false},"excerpt":{"rendered":"<p>O presidente Jair Bolsonaro sancionou a lei que cria o Programa G\u00e1s dos Brasileiros, o chamado aux\u00edlio g\u00e1s, que vai subsidiar o pre\u00e7o do g\u00e1s de cozinha para fam\u00edlias de baixa renda. A medida foi publicada hoje (22) no\u00a0Di\u00e1rio Oficial da Uni\u00e3o\u00a0e ficar\u00e1 em vigor por cinco anos, contados a partir da abertura dos cr\u00e9ditos [&hellip;]<\/p>\n","protected":false},"author":246,"featured_media":191342,"comment_status":"closed","ping_status":"closed","sticky":false,"template":"","format":"standard","meta":{"footnotes":""},"categories":[436,254],"tags":[],"class_list":["post-191341","post","type-post","status-publish","format-standard","has-post-thumbnail","hentry","category-destaque-da-semana","category-politica"],"_links":{"self":[{"href":"https:\/\/diarioregionaldigital.com.br\/index.php?rest_route=\/wp\/v2\/posts\/191341","targetHints":{"allow":["GET"]}}],"collection":[{"href":"https:\/\/diarioregionaldigital.com.br\/index.php?rest_route=\/wp\/v2\/posts"}],"about":[{"href":"https:\/\/diarioregionaldigital.com.br\/index.php?rest_route=\/wp\/v2\/types\/post"}],"author":[{"embeddable":true,"href":"https:\/\/diarioregionaldigital.com.br\/index.php?rest_route=\/wp\/v2\/users\/246"}],"replies":[{"embeddable":true,"href":"https:\/\/diarioregionaldigital.com.br\/index.php?rest_route=%2Fwp%2Fv2%2Fcomments&post=191341"}],"version-history":[{"count":1,"href":"https:\/\/diarioregionaldigital.com.br\/index.php?rest_route=\/wp\/v2\/posts\/191341\/revisions"}],"predecessor-version":[{"id":191343,"href":"https:\/\/diarioregionaldigital.com.br\/index.php?rest_route=\/wp\/v2\/posts\/191341\/revisions\/191343"}],"wp:featuredmedia":[{"embeddable":true,"href":"https:\/\/diarioregionaldigital.com.br\/index.php?rest_route=\/wp\/v2\/media\/191342"}],"wp:attachment":[{"href":"https:\/\/diarioregionaldigital.com.br\/index.php?rest_route=%2Fwp%2Fv2%2Fmedia&parent=191341"}],"wp:term":[{"taxonomy":"category","embeddable":true,"href":"https:\/\/diarioregionaldigital.com.br\/index.php?rest_route=%2Fwp%2Fv2%2Fcategories&post=191341"},{"taxonomy":"post_tag","embeddable":true,"href":"https:\/\/diarioregionaldigital.com.br\/index.php?rest_route=%2Fwp%2Fv2%2Ftags&post=191341"}],"curies":[{"name":"wp","href":"https:\/\/api.w.org\/{rel}","templated":true}]}}