{"id":191338,"date":"2021-11-22T19:20:32","date_gmt":"2021-11-22T22:20:32","guid":{"rendered":"https:\/\/diarioregionaldigital.com.br\/?p=191338"},"modified":"2021-11-22T19:20:32","modified_gmt":"2021-11-22T22:20:32","slug":"presidente-do-senado-espera-votar-pec-dos-precatorios-em-duas-semanas","status":"publish","type":"post","link":"https:\/\/diarioregionaldigital.com.br\/?p=191338","title":{"rendered":"Presidente do Senado espera votar PEC dos Precat\u00f3rios em duas semanas"},"content":{"rendered":"<p>O presidente do Senado, Rodrigo Pacheco, disse hoje (22) que, em duas semanas, a Proposta de Emenda \u00e0 Constitui\u00e7\u00e3o (PEC) dos Precat\u00f3rios poder\u00e1 ser votada no plen\u00e1rio da Casa. Antes de ir ao plen\u00e1rio, o texto ainda precisa ser analisado pela Comiss\u00e3o de Constitui\u00e7\u00e3o e Justi\u00e7a (CCJ), nesta quarta-feira.<img decoding=\"async\" src=\"https:\/\/agenciabrasil.ebc.com.br\/ebc.png?id=1428542&amp;o=node\" \/><img decoding=\"async\" src=\"https:\/\/agenciabrasil.ebc.com.br\/ebc.gif?id=1428542&amp;o=node\" \/><\/p>\n<p>&#8220;Devemos ter a aprecia\u00e7\u00e3o nesta quarta-feira na Comiss\u00e3o de Constitui\u00e7\u00e3o e Justi\u00e7a, e uma vez apreciado, na sequ\u00eancia, no plen\u00e1rio&#8221;, disse o senador a jornalistas.<\/p>\n<p>&#8220;Obviamente que tentar\u00edamos nesta semana, mas eu acho dif\u00edcil, mas vamos buscar fazer at\u00e9 a semana que vem a aprecia\u00e7\u00e3o pelo plen\u00e1rio dessa PEC dos Precat\u00f3rios&#8221;, acrescentou.<\/p>\n<p>O senador avaliou que, com a aprova\u00e7\u00e3o da PEC, h\u00e1 maneiras de indicar fonte de recursos para tornar permanente o Aux\u00edlio Brasil, programa social do governo. A estimativa \u00e9 que a medida permita a abertura de um espa\u00e7o fiscal de R$ 90 bilh\u00f5es, caso seja mantido o texto j\u00e1 aprovado pela C\u00e2mara dos Deputados.<\/p>\n<p>Pacheco tamb\u00e9m citou a possibilidade de atualiza\u00e7\u00e3o dos valores pagos. \u201cQuando h\u00e1 aumento substancial de pre\u00e7os, especialmente dos itens da cesta b\u00e1sica, \u00e9 preciso que haja uma atualiza\u00e7\u00e3o de valores no programa social do Bolsa Fam\u00edlia, hoje Aux\u00edlio Brasil, para atingir mais fam\u00edlias e com valor de R$ 400.\u201d<\/p>\n<p>Em palestra na Associa\u00e7\u00e3o Comercial de S\u00e3o Paulo (ACSP), na capital paulista, Pacheco ressaltou que a obriga\u00e7\u00e3o de pagar os precat\u00f3rios \u00e9 inquestion\u00e1vel e, que por isso, o assunto e a solu\u00e7\u00e3o para o problema foi t\u00e3o discutido. Segundo ele, a decis\u00e3o do Supremo Tribunal de Justi\u00e7a (STF) de que a obrigatoriedade da Uni\u00e3o \u00e9 com o pagamento de R$ 89 bilh\u00f5es, superando a expectativa de valores dentro do Or\u00e7amento da Uni\u00e3o, gerou a necessidade de encontrar alternativa.<\/p>\n<p>Pacheco afirmou que ainda n\u00e3o encontrou um caminho consensual para a reforma tribut\u00e1ria, classificada por ele como a mais complexa que existe, porque as propostas apresentadas s\u00e3o pass\u00edveis de cr\u00edtica. Mas, na sua opini\u00e3o, a menos criticada e com mais aceita\u00e7\u00e3o at\u00e9 o momento \u00e9 com rela\u00e7\u00e3o \u00e0 PEC 110\/2019.<\/p>\n<p>\u201cAinda h\u00e1 uma frustra\u00e7\u00e3o nacional, de um pa\u00eds que fez reformas previdenci\u00e1ria, trabalhista, pol\u00edtica e um teto de gastos p\u00fablicos. Em rela\u00e7\u00e3o a essa reforma tribut\u00e1ria, devido a um ano pr\u00e9-eleitoral, com tantas diverg\u00eancias e dificuldades, e com o governo sem saber exatamente qual o caminho para dificuldades naturais de aprova\u00e7\u00e3o&#8221;, disse.<\/p>\n<p><span style=\"font-weight: 400;\">Fonte: Ag\u00eancia Brasil <\/span><\/p>\n","protected":false},"excerpt":{"rendered":"<p>O presidente do Senado, Rodrigo Pacheco, disse hoje (22) que, em duas semanas, a Proposta de Emenda \u00e0 Constitui\u00e7\u00e3o (PEC) dos Precat\u00f3rios poder\u00e1 ser votada no plen\u00e1rio da Casa. Antes de ir ao plen\u00e1rio, o texto ainda precisa ser analisado pela Comiss\u00e3o de Constitui\u00e7\u00e3o e Justi\u00e7a (CCJ), nesta quarta-feira. &#8220;Devemos ter a aprecia\u00e7\u00e3o nesta quarta-feira [&hellip;]<\/p>\n","protected":false},"author":246,"featured_media":191339,"comment_status":"closed","ping_status":"closed","sticky":false,"template":"","format":"standard","meta":{"footnotes":""},"categories":[436,440,254,439],"tags":[],"class_list":["post-191338","post","type-post","status-publish","format-standard","has-post-thumbnail","hentry","category-destaque-da-semana","category-destaques-do-dia","category-politica","category-ultima-hora"],"_links":{"self":[{"href":"https:\/\/diarioregionaldigital.com.br\/index.php?rest_route=\/wp\/v2\/posts\/191338","targetHints":{"allow":["GET"]}}],"collection":[{"href":"https:\/\/diarioregionaldigital.com.br\/index.php?rest_route=\/wp\/v2\/posts"}],"about":[{"href":"https:\/\/diarioregionaldigital.com.br\/index.php?rest_route=\/wp\/v2\/types\/post"}],"author":[{"embeddable":true,"href":"https:\/\/diarioregionaldigital.com.br\/index.php?rest_route=\/wp\/v2\/users\/246"}],"replies":[{"embeddable":true,"href":"https:\/\/diarioregionaldigital.com.br\/index.php?rest_route=%2Fwp%2Fv2%2Fcomments&post=191338"}],"version-history":[{"count":1,"href":"https:\/\/diarioregionaldigital.com.br\/index.php?rest_route=\/wp\/v2\/posts\/191338\/revisions"}],"predecessor-version":[{"id":191340,"href":"https:\/\/diarioregionaldigital.com.br\/index.php?rest_route=\/wp\/v2\/posts\/191338\/revisions\/191340"}],"wp:featuredmedia":[{"embeddable":true,"href":"https:\/\/diarioregionaldigital.com.br\/index.php?rest_route=\/wp\/v2\/media\/191339"}],"wp:attachment":[{"href":"https:\/\/diarioregionaldigital.com.br\/index.php?rest_route=%2Fwp%2Fv2%2Fmedia&parent=191338"}],"wp:term":[{"taxonomy":"category","embeddable":true,"href":"https:\/\/diarioregionaldigital.com.br\/index.php?rest_route=%2Fwp%2Fv2%2Fcategories&post=191338"},{"taxonomy":"post_tag","embeddable":true,"href":"https:\/\/diarioregionaldigital.com.br\/index.php?rest_route=%2Fwp%2Fv2%2Ftags&post=191338"}],"curies":[{"name":"wp","href":"https:\/\/api.w.org\/{rel}","templated":true}]}}