{"id":191320,"date":"2021-11-22T15:34:49","date_gmt":"2021-11-22T18:34:49","guid":{"rendered":"https:\/\/diarioregionaldigital.com.br\/?p=191320"},"modified":"2021-11-22T15:34:49","modified_gmt":"2021-11-22T18:34:49","slug":"policia-militar-prende-autor-de-roubo-e-recupera-material-subtraido-no-bairro-bonfim","status":"publish","type":"post","link":"https:\/\/diarioregionaldigital.com.br\/?p=191320","title":{"rendered":"Pol\u00edcia Militar prende autor de roubo e recupera material subtra\u00eddo no bairro Bonfim"},"content":{"rendered":"<p>Na data de 21nov21 por volta das 09h44min, a Pol\u00edcia Militar compareceu a Rua Bar\u00e3o do Retiro no bairro Bonfim, onde um autor de roubo, homem de 27 anos, estava detido no local. Segundo relatos da v\u00edtima, uma mulher de 43 anos, foi surpreendida pelo autor que usando de for\u00e7a f\u00edsica e agress\u00f5es, subtraiu o seu telefone celular e fugiu em seguida. Na tentativa de fuga o autor foi detido por populares at\u00e9 a chegada da Pol\u00edcia Militar. Quando da abordagem os policiais verificaram que o autor tinha uma marca na perna, provavelmente de uso de uma tornozeleira eletr\u00f4nica. Ao ser questionado ele narrou que realmente estava usando a tornozeleira, mas que ela havia se rompido no dia anterior. O telefone celular da v\u00edtima foi recuperado e ap\u00f3s dilig\u00eancias a tornozeleira eletr\u00f4nica tamb\u00e9m foi encontrada, em uma resid\u00eancia no bairro Marumbi. O autor foi preso em flagrante delito e conduzido a Delegacia.<\/p>\n","protected":false},"excerpt":{"rendered":"<p>Na data de 21nov21 por volta das 09h44min, a Pol\u00edcia Militar compareceu a Rua Bar\u00e3o do Retiro no bairro Bonfim, onde um autor de roubo, homem de 27 anos, estava detido no local. Segundo relatos da v\u00edtima, uma mulher de 43 anos, foi surpreendida pelo autor que usando de for\u00e7a f\u00edsica e agress\u00f5es, subtraiu o [&hellip;]<\/p>\n","protected":false},"author":246,"featured_media":191321,"comment_status":"closed","ping_status":"closed","sticky":false,"template":"","format":"standard","meta":{"footnotes":""},"categories":[301],"tags":[],"class_list":["post-191320","post","type-post","status-publish","format-standard","has-post-thumbnail","hentry","category-artigos-policiais"],"_links":{"self":[{"href":"https:\/\/diarioregionaldigital.com.br\/index.php?rest_route=\/wp\/v2\/posts\/191320","targetHints":{"allow":["GET"]}}],"collection":[{"href":"https:\/\/diarioregionaldigital.com.br\/index.php?rest_route=\/wp\/v2\/posts"}],"about":[{"href":"https:\/\/diarioregionaldigital.com.br\/index.php?rest_route=\/wp\/v2\/types\/post"}],"author":[{"embeddable":true,"href":"https:\/\/diarioregionaldigital.com.br\/index.php?rest_route=\/wp\/v2\/users\/246"}],"replies":[{"embeddable":true,"href":"https:\/\/diarioregionaldigital.com.br\/index.php?rest_route=%2Fwp%2Fv2%2Fcomments&post=191320"}],"version-history":[{"count":1,"href":"https:\/\/diarioregionaldigital.com.br\/index.php?rest_route=\/wp\/v2\/posts\/191320\/revisions"}],"predecessor-version":[{"id":191322,"href":"https:\/\/diarioregionaldigital.com.br\/index.php?rest_route=\/wp\/v2\/posts\/191320\/revisions\/191322"}],"wp:featuredmedia":[{"embeddable":true,"href":"https:\/\/diarioregionaldigital.com.br\/index.php?rest_route=\/wp\/v2\/media\/191321"}],"wp:attachment":[{"href":"https:\/\/diarioregionaldigital.com.br\/index.php?rest_route=%2Fwp%2Fv2%2Fmedia&parent=191320"}],"wp:term":[{"taxonomy":"category","embeddable":true,"href":"https:\/\/diarioregionaldigital.com.br\/index.php?rest_route=%2Fwp%2Fv2%2Fcategories&post=191320"},{"taxonomy":"post_tag","embeddable":true,"href":"https:\/\/diarioregionaldigital.com.br\/index.php?rest_route=%2Fwp%2Fv2%2Ftags&post=191320"}],"curies":[{"name":"wp","href":"https:\/\/api.w.org\/{rel}","templated":true}]}}