{"id":191314,"date":"2021-11-21T06:00:53","date_gmt":"2021-11-21T09:00:53","guid":{"rendered":"https:\/\/diarioregionaldigital.com.br\/?p=191314"},"modified":"2021-11-20T00:31:34","modified_gmt":"2021-11-20T03:31:34","slug":"gratidao-a-mae-de-todas-as-virtudes-3","status":"publish","type":"post","link":"https:\/\/diarioregionaldigital.com.br\/?p=191314","title":{"rendered":"Gratid\u00e3o \u2014 A m\u00e3e de todas as virtudes!"},"content":{"rendered":"<p>Muitas pessoas projetam sua felicidade em alguma coisa que talvez nunca acontecer\u00e1 e esquecem-se de viver o presente.<\/p>\n<p>V\u00edtimas em potencial, essas pessoas vivem reclamando de suas reais condi\u00e7\u00f5es, mas raramente se prop\u00f5em estrat\u00e9gias significativas para mudar. Elas n\u00e3o planejam, n\u00e3o se colocam em movimento em dire\u00e7\u00e3o \u00e0quilo que, imaginam, lhes trar\u00e1 felicidade. Seguem passivas, aceitando o que a vida lhes d\u00e1. Muitas delas at\u00e9 pensam assim: \u201cO que vier, \u00e9 lucro!\u201d Nada de errado em aceitar de bom grado o que a vida d\u00e1. A verdade, por\u00e9m, \u00e9 que a muitas pessoas que esperam para viver \u201cquando alguma coisa acontecer\u201d n\u00e3o reconhecem como d\u00e1divas aquilo que a vida lhes d\u00e1, mas, ao contr\u00e1rio, reclamam do que ela n\u00e3o d\u00e1, sentindo-se injusti\u00e7adas!<\/p>\n<p>Essas pessoas fazem alguma coisa para receber mais do que recebem? Elas agradecem por aquilo que t\u00eam e, tamb\u00e9m, pelo que n\u00e3o t\u00eam e n\u00e3o gostariam de ter, como doen\u00e7as, por exemplo?<\/p>\n<p>No momento em que agradecemos ao Universo, ele nos retribui.<\/p>\n<p>\u00c9 preciso entender que o fato de agradecer ao Universo, de demonstrar gratid\u00e3o, n\u00e3o tem nada a ver com f\u00e9 ou devo\u00e7\u00e3o. \u00c9 um mero <em>feedback<\/em> que damos ao Universo para que ele saiba o que deve e o que n\u00e3o deve continuar nos oferecendo. Se n\u00e3o sinalizarmos positiva ou negativamente em rela\u00e7\u00e3o ao que temos recebido, o Universo continuar\u00e1 nos provendo de \u201ccoisas\u201d indiscriminadamente, que podem ser aquilo que queremos, mas tamb\u00e9m podem ser o que n\u00e3o queremos. Se dermos um <em>feedback<\/em>, passamos a participar ativamente da distribui\u00e7\u00e3o da riqueza universal.<\/p>\n<p>Gratid\u00e3o \u00e9 uma virtude que precisa \u2014 e deve! \u2014 ser cultivada e desenvolvida continuamente. Em vez de se lastimar, procure colocar-se positivamente perante as adversidades. Lembre-se: obst\u00e1culos surgem para serem transpostos. E para venc\u00ea-los e aprender com eles, temos de mudar nossa percep\u00e7\u00e3o a respeito da vida. Adotar uma atitude positiva, agradecendo sempre, abre caminhos que podem conduzir ao autoconhecimento, aumentar a auto-estima e estabelecer sintonia com tudo e todos ao redor.<\/p>\n<p>\u00c9 simples ser grato, mas essa atitude deve ser uma escolha e n\u00e3o uma obriga\u00e7\u00e3o. Deixar a sua voz interior falar, abrir sua mente para um mundo novo de percep\u00e7\u00f5es e sensa\u00e7\u00f5es e voltar-se para as coisas mais simples da vida s\u00e3o atitudes que o levar\u00e3o a perceber as b\u00ean\u00e7\u00e3os que acontecem a todo instante na sua vida e voc\u00ea nunca havia notado. Voc\u00ea passar\u00e1 a sentir-se protegido, amparado e ajudado.<\/p>\n<p>O sentimento de gratid\u00e3o nos liberta da preocupa\u00e7\u00e3o e nos acalma. Ao agradecer, liberamos tens\u00f5es acumuladas. A gratid\u00e3o tem o poder de curar doen\u00e7as f\u00edsicas e emocionais, como depress\u00e3o, tristeza, solid\u00e3o, melancolia, baixa auto-estima e ansiedade, entre outras. Por isso, em vez de apenas criticar os outros ou guardar m\u00e1goas, busque reconhecer as qualidades que as pessoas t\u00eam e de que forma elas contribuem para o seu crescimento pessoal e espiritual. Abra m\u00e3o da irrita\u00e7\u00e3o, da impaci\u00eancia e da hostilidade e em favor da serenidade e da leveza de esp\u00edrito. Mas seja sincero em seus agradecimentos.<\/p>\n<p>Agrade\u00e7a sempre! Do sorriso recebido de um desconhecido \u00e0 sa\u00fade, ao dinheiro, aos neg\u00f3cios, aos problemas&#8230;<\/p>\n<p>Se acontecer uma desgra\u00e7a, agrade\u00e7a, n\u00e3o pela desgra\u00e7a, mas pela experi\u00eancia que trouxe para a sua vida. Na vida, as coisas acontecem porque t\u00eam de acontecer, e delas podemos tirar proveito ou preju\u00edzo. A escolha \u00e9 sua!<\/p>\n","protected":false},"excerpt":{"rendered":"<p>Muitas pessoas projetam sua felicidade em alguma coisa que talvez nunca acontecer\u00e1 e esquecem-se de viver o presente. V\u00edtimas em potencial, essas pessoas vivem reclamando de suas reais condi\u00e7\u00f5es, mas raramente se prop\u00f5em estrat\u00e9gias significativas para mudar. Elas n\u00e3o planejam, n\u00e3o se colocam em movimento em dire\u00e7\u00e3o \u00e0quilo que, imaginam, lhes trar\u00e1 felicidade. Seguem passivas, [&hellip;]<\/p>\n","protected":false},"author":96,"featured_media":0,"comment_status":"closed","ping_status":"closed","sticky":false,"template":"","format":"standard","meta":{"footnotes":""},"categories":[274],"tags":[],"class_list":["post-191314","post","type-post","status-publish","format-standard","hentry","category-dr-lair-ribeiro"],"_links":{"self":[{"href":"https:\/\/diarioregionaldigital.com.br\/index.php?rest_route=\/wp\/v2\/posts\/191314","targetHints":{"allow":["GET"]}}],"collection":[{"href":"https:\/\/diarioregionaldigital.com.br\/index.php?rest_route=\/wp\/v2\/posts"}],"about":[{"href":"https:\/\/diarioregionaldigital.com.br\/index.php?rest_route=\/wp\/v2\/types\/post"}],"author":[{"embeddable":true,"href":"https:\/\/diarioregionaldigital.com.br\/index.php?rest_route=\/wp\/v2\/users\/96"}],"replies":[{"embeddable":true,"href":"https:\/\/diarioregionaldigital.com.br\/index.php?rest_route=%2Fwp%2Fv2%2Fcomments&post=191314"}],"version-history":[{"count":1,"href":"https:\/\/diarioregionaldigital.com.br\/index.php?rest_route=\/wp\/v2\/posts\/191314\/revisions"}],"predecessor-version":[{"id":191315,"href":"https:\/\/diarioregionaldigital.com.br\/index.php?rest_route=\/wp\/v2\/posts\/191314\/revisions\/191315"}],"wp:attachment":[{"href":"https:\/\/diarioregionaldigital.com.br\/index.php?rest_route=%2Fwp%2Fv2%2Fmedia&parent=191314"}],"wp:term":[{"taxonomy":"category","embeddable":true,"href":"https:\/\/diarioregionaldigital.com.br\/index.php?rest_route=%2Fwp%2Fv2%2Fcategories&post=191314"},{"taxonomy":"post_tag","embeddable":true,"href":"https:\/\/diarioregionaldigital.com.br\/index.php?rest_route=%2Fwp%2Fv2%2Ftags&post=191314"}],"curies":[{"name":"wp","href":"https:\/\/api.w.org\/{rel}","templated":true}]}}