{"id":191307,"date":"2021-11-19T19:48:22","date_gmt":"2021-11-19T22:48:22","guid":{"rendered":"https:\/\/diarioregionaldigital.com.br\/?p=191307"},"modified":"2021-11-19T19:48:22","modified_gmt":"2021-11-19T22:48:22","slug":"pjf-garante-barracas-para-comerciantes-e-promove-eventos-na-praca-do-riachuelo","status":"publish","type":"post","link":"https:\/\/diarioregionaldigital.com.br\/?p=191307","title":{"rendered":"PJF garante barracas para comerciantes e promove eventos na Pra\u00e7a do Riachuelo"},"content":{"rendered":"<p>Segundo informa\u00e7\u00f5es do site da Prefeitura de Juiz de Fora, o processo de valoriza\u00e7\u00e3o da Pra\u00e7a do Riachuelo chegou a uma nova etapa: a partir desta segunda-feira, 22, os comerciantes populares que atuam no local contar\u00e3o com barracas padronizadas. Al\u00e9m disso, a Pra\u00e7a receber\u00e1 eventos todos os dias da semana durante o per\u00edodo da tarde. A iniciativa, pensada pela Prefeitura de Juiz de Fora (PJF) a fim de valorizar o espa\u00e7o e fortalecer o com\u00e9rcio popular, foi anunciada para representantes dos comerciantes de rua em reuni\u00e3o nesta sexta-feira, 19.<\/p>\n<p>As barracas garantir\u00e3o a padroniza\u00e7\u00e3o do com\u00e9rcio popular de rua da Pra\u00e7a do Riachuelo, al\u00e9m de oferecerem organiza\u00e7\u00e3o e prote\u00e7\u00e3o contra a chuva. Como explica a secret\u00e1ria de Sustentabilidade em Meio Ambiente e Atividades Urbanas, Aline Junqueira, essa era uma reivindica\u00e7\u00e3o dos comerciantes que atuam no local. \u201cAinda antes de come\u00e7ar a ocupar a Pra\u00e7a do Riachuelo, montamos uma comiss\u00e3o com representantes do com\u00e9rcio popular e estamos nos reunindo constantemente para dialogar, ouvir as demandas e sugest\u00f5es. Nosso objetivo \u00e9 que o com\u00e9rcio na Pra\u00e7a do Riachuelo seja um sucesso e se torne refer\u00eancia\u201d, ressalta.<\/p>\n<p>Al\u00e9m disso, est\u00e3o sendo feitas pinturas com cal na Pra\u00e7a e todo dia o local receber\u00e1 lava\u00e7\u00e3o na parte da manh\u00e3 a fim de manter o ambiente limpo. Tamb\u00e9m ser\u00e3o instalados banheiros qu\u00edmicos.<\/p>\n<p><b>Eventos na Pra\u00e7a do Riachuelo<\/b><\/p>\n<p>A Prefeitura de Juiz de Fora (PJF) promover\u00e1 um evento por dia na Pra\u00e7a do Riachuelo. O objetivo \u00e9 envolver a popula\u00e7\u00e3o no processo de requalifica\u00e7\u00e3o do local. A cada semana, ser\u00e1 divulgada a programa\u00e7\u00e3o. A partir da pr\u00f3xima semana, em todas as sextas-feiras deste ano, ser\u00e1 realizado um \u201chappy hour\u201d organizado pela Secretaria de Turismo (Setur), com venda de cerveja e atra\u00e7\u00e3o musical.<\/p>\n<p>Com a aproxima\u00e7\u00e3o do per\u00edodo natalino, a Pra\u00e7a tamb\u00e9m receber\u00e1 enfeites de natal e ilumina\u00e7\u00e3o. Em parceria com o Santa Cruz Shopping, ser\u00e1 montada uma \u201cCasa do Papai Noel\u201d na Pra\u00e7a do Riachuelo.<\/p>\n<p><b>Confira a programa\u00e7\u00e3o da pr\u00f3xima semana:<\/b><\/p>\n<p><b>Segunda-feira:<\/b>\u00a0A\u00e7\u00e3o itinerante de conscientiza\u00e7\u00e3o da popula\u00e7\u00e3o sobre a viol\u00eancia contra a mulher e as pol\u00edticas existentes no munic\u00edpio &#8211; Casa da Mulher e Secretaria de Seguran\u00e7a Urbana e Cidadania (Sesuc).<\/p>\n<p><b>Ter\u00e7a-feira:<\/b>\u00a0Realiza\u00e7\u00e3o de brincadeiras como atividades de mini basquete, mini futebol, pista de bicicleta, slackline, t\u00eanis de mesa, e brincadeiras de corda, boca de palha\u00e7o e tiro ao alvo durante a tarde &#8211; Secretaria de Esportes e Lazer (SEL)<\/p>\n<p><b>Quarta-feira:<\/b>\u00a0Apresenta\u00e7\u00e3o do Coral da Cesama a partir de 17h (Cesama)<\/p>\n<p><b>Quinta-feira:<\/b>\u00a0A\u00e7\u00e3o social, com realiza\u00e7\u00e3o de corte de cabelo para popula\u00e7\u00e3o em situa\u00e7\u00e3o de vulnerabilidade<\/p>\n<p><b>Sexta-feira:<\/b>\u00a0Happy hour com cerveja e atra\u00e7\u00e3o musical, a partir das 16h &#8211; Secretaria de Turismo (Setur).<\/p>\n<p>Durante toda a semana que vem, a PJF estar\u00e1 presente, ainda, com uma tenda de acolhimento da Secretaria de Assist\u00eancia Social (SAS) para a popula\u00e7\u00e3o em situa\u00e7\u00e3o de rua com o intuito de ser um espa\u00e7o de di\u00e1logo, orienta\u00e7\u00e3o e encaminhamento. Outra novidade \u00e9 que, em breve, a Pra\u00e7a do Riachuelo tamb\u00e9m ser\u00e1 mais um ponto de vacina\u00e7\u00e3o contra Covid-19.<\/p>\n","protected":false},"excerpt":{"rendered":"<p>Segundo informa\u00e7\u00f5es do site da Prefeitura de Juiz de Fora, o processo de valoriza\u00e7\u00e3o da Pra\u00e7a do Riachuelo chegou a uma nova etapa: a partir desta segunda-feira, 22, os comerciantes populares que atuam no local contar\u00e3o com barracas padronizadas. Al\u00e9m disso, a Pra\u00e7a receber\u00e1 eventos todos os dias da semana durante o per\u00edodo da tarde. [&hellip;]<\/p>\n","protected":false},"author":246,"featured_media":191308,"comment_status":"closed","ping_status":"closed","sticky":false,"template":"","format":"standard","meta":{"footnotes":""},"categories":[253,436],"tags":[],"class_list":["post-191307","post","type-post","status-publish","format-standard","has-post-thumbnail","hentry","category-cidade","category-destaque-da-semana"],"_links":{"self":[{"href":"https:\/\/diarioregionaldigital.com.br\/index.php?rest_route=\/wp\/v2\/posts\/191307","targetHints":{"allow":["GET"]}}],"collection":[{"href":"https:\/\/diarioregionaldigital.com.br\/index.php?rest_route=\/wp\/v2\/posts"}],"about":[{"href":"https:\/\/diarioregionaldigital.com.br\/index.php?rest_route=\/wp\/v2\/types\/post"}],"author":[{"embeddable":true,"href":"https:\/\/diarioregionaldigital.com.br\/index.php?rest_route=\/wp\/v2\/users\/246"}],"replies":[{"embeddable":true,"href":"https:\/\/diarioregionaldigital.com.br\/index.php?rest_route=%2Fwp%2Fv2%2Fcomments&post=191307"}],"version-history":[{"count":1,"href":"https:\/\/diarioregionaldigital.com.br\/index.php?rest_route=\/wp\/v2\/posts\/191307\/revisions"}],"predecessor-version":[{"id":191309,"href":"https:\/\/diarioregionaldigital.com.br\/index.php?rest_route=\/wp\/v2\/posts\/191307\/revisions\/191309"}],"wp:featuredmedia":[{"embeddable":true,"href":"https:\/\/diarioregionaldigital.com.br\/index.php?rest_route=\/wp\/v2\/media\/191308"}],"wp:attachment":[{"href":"https:\/\/diarioregionaldigital.com.br\/index.php?rest_route=%2Fwp%2Fv2%2Fmedia&parent=191307"}],"wp:term":[{"taxonomy":"category","embeddable":true,"href":"https:\/\/diarioregionaldigital.com.br\/index.php?rest_route=%2Fwp%2Fv2%2Fcategories&post=191307"},{"taxonomy":"post_tag","embeddable":true,"href":"https:\/\/diarioregionaldigital.com.br\/index.php?rest_route=%2Fwp%2Fv2%2Ftags&post=191307"}],"curies":[{"name":"wp","href":"https:\/\/api.w.org\/{rel}","templated":true}]}}