{"id":191303,"date":"2021-11-19T19:46:39","date_gmt":"2021-11-19T22:46:39","guid":{"rendered":"https:\/\/diarioregionaldigital.com.br\/?p=191303"},"modified":"2021-11-19T19:50:10","modified_gmt":"2021-11-19T22:50:10","slug":"acoes-de-combate-e-prevencao-a-dengue-auxiliam-no-controle-da-doenca","status":"publish","type":"post","link":"https:\/\/diarioregionaldigital.com.br\/?p=191303","title":{"rendered":"A\u00e7\u00f5es de combate e preven\u00e7\u00e3o \u00e0 dengue auxiliam no controle da doen\u00e7a"},"content":{"rendered":"<p>Neste s\u00e1bado, 20 de novembro, \u00e9 celebrado o Dia de Combate \u00e0 Dengue. A data tem o intuito de alertar o Poder P\u00fablico e a popula\u00e7\u00e3o sobre os riscos associados \u00e0 doen\u00e7a. O dia tamb\u00e9m serve como incentivo para a\u00e7\u00f5es de combate e preven\u00e7\u00e3o ao mosquito Aedes Aegypti, que, al\u00e9m da dengue, \u00e9 o vetor da Febre Chikungunya e do Zika V\u00edrus.<\/p>\n<p>Segundo informa\u00e7\u00f5es do site da Prefeitura de Juiz de Fora, de acordo com os dados mais recentes dispon\u00edveis no boletim epidemiol\u00f3gico da Secretaria Estadual de Sa\u00fade (SES-MG), Minas Gerais registrou, at\u00e9 o dia 10 de novembro, 23.636 casos prov\u00e1veis e seis mortes relacionadas \u00e0 dengue. Apesar da melhora nos n\u00fameros, se comparado ao ano de 2019, quando o estado passou por uma epidemia de dengue, a coordenadora do Programa Municipal de Combate \u00e0s Arboviroses, Juliana L\u00facia Marinho, ressalta que \u201c2020 foi e este ano 2021 est\u00e1 sendo at\u00edpico, uma vez que o baixo n\u00famero de casos de dengue notificados est\u00e1 diretamente relacionado \u00e0 emerg\u00eancia de sa\u00fade p\u00fablica vivenciada. Como o foco era a Covid-19, as arboviroses ficaram em segundo plano, mas como elas s\u00e3o uma realidade em nosso munic\u00edpio essa tem\u00e1tica deve ser amplamente divulgada, para que a popula\u00e7\u00e3o n\u00e3o se esque\u00e7a da import\u00e2ncia da preven\u00e7\u00e3o\u201d.<\/p>\n<p>A dengue \u00e9 uma doen\u00e7a sazonal que possui aumento de casos entre os meses de dezembro e maio, \u00e9poca com maior volume de chuvas, por isso, durante esse per\u00edodo, o cuidado tem de ser redobrado. \u201cO alerta \u00e9 ficar atento aos detalhes. Uma vez que a melhor forma de evitar as doen\u00e7as \u00e9 combatendo o mosquito, por meio da elimina\u00e7\u00e3o dos criadouros nas casas, ambiente de trabalho e \u00e1reas p\u00fablicas\u201d, ressaltou Juliana Marinho. Alguns cuidados como manter sempre limpos quintais, jardins, calhas; virar pratos de plantas ao contr\u00e1rio; fechar bem tampas de caixas d\u2019\u00e1gua; se desfazer corretamente de pneus; limpar piscinas e mant\u00ea-las fechadas quando n\u00e3o h\u00e1 o uso, s\u00e3o algumas medidas que ajudam no controle dos mosquitos transmissores da doen\u00e7a da doen\u00e7a.<\/p>\n<p><b>Sintomas e tratamento<\/b><\/p>\n<p>A infec\u00e7\u00e3o por dengue pode apresentar sintomas leves, moderados ou graves, podendo, em alguns casos, o paciente morrer. Geralmente, a doen\u00e7a se manifesta atrav\u00e9s de uma febre alta, com in\u00edcio abrupto, com dura\u00e7\u00e3o de at\u00e9 uma semana, acompanhada de dores nas articula\u00e7\u00f5es, cabe\u00e7a, atr\u00e1s dos olhos e fraqueza. \u00c9 importante frisar que os sintomas variam de acordo com a pessoa, sendo que algumas delas apresentam diferentes sinais de infec\u00e7\u00e3o. Os casos mais graves incluem forte dor abdominal, v\u00f4mitos persistentes e sangramento de mucosas.<\/p>\n<p>Ao apresentar os primeiros sintomas relacionados \u00e0 dengue, \u00e9 indicado procurar um profissional de sa\u00fade para haver o diagn\u00f3stico. Como n\u00e3o h\u00e1 um tratamento espec\u00edfico, o m\u00e9dico ir\u00e1 orientar o paciente de acordo com o quadro cl\u00ednico apresentado. \u00c9 recomendado que a pessoa mantenha uma boa hidrata\u00e7\u00e3o, fa\u00e7a repouso e n\u00e3o use medicamentos sem prescri\u00e7\u00e3o m\u00e9dica.<\/p>\n<p><b>A\u00e7\u00f5es de conscientiza\u00e7\u00e3o<\/b><\/p>\n<p>Como forma de lembrar o Dia de Combate \u00e0 Dengue, o Programa Municipal de Combate \u00e0s Arboviroses ir\u00e1 realizar neste s\u00e1bado, 20, uma panfletagem no PAM Marechal, com orienta\u00e7\u00f5es quanto \u00e0s medidas de prote\u00e7\u00e3o, sintomas e meios de se prevenir contra as doen\u00e7as relacionadas aos Aedes Aegypti.<\/p>\n<p>O trabalho de controle das arboviroses \u00e9 realizado pelos agentes de combate \u00e0s endemias (ACE), que s\u00e3o cruciais no cen\u00e1rio epidemiol\u00f3gico da cidade. Al\u00e9m do papel educativo, orientando a popula\u00e7\u00e3o quanto \u00e0 preven\u00e7\u00e3o e tratamento de doen\u00e7as infecciosas, esses profissionais fazem vistorias de resid\u00eancias, dep\u00f3sitos, terrenos baldios e estabelecimentos comerciais em busca de focos end\u00eamicos. Diariamente os agentes trabalham no combate \u00e0 doen\u00e7a, fazendo a\u00e7\u00f5es peri\u00f3dicas em locais que s\u00e3o prop\u00edcios para o Aedes Aegypti procriar.<\/p>\n<p>Caso aviste um poss\u00edvel local de foco do mosquito transmissor da dengue, voc\u00ea pode fazer uma reclama\u00e7\u00e3o pelo n\u00famero 199, pelo e-mail dengue@pjf.mg.gov.br ou atrav\u00e9s da plataforma Prefeitura \u00c1gil. Desta forma, os agentes de endemia poder\u00e3o vistoriar e, caso necess\u00e1rio, agir nestes locais.<\/p>\n","protected":false},"excerpt":{"rendered":"<p>Neste s\u00e1bado, 20 de novembro, \u00e9 celebrado o Dia de Combate \u00e0 Dengue. A data tem o intuito de alertar o Poder P\u00fablico e a popula\u00e7\u00e3o sobre os riscos associados \u00e0 doen\u00e7a. O dia tamb\u00e9m serve como incentivo para a\u00e7\u00f5es de combate e preven\u00e7\u00e3o ao mosquito Aedes Aegypti, que, al\u00e9m da dengue, \u00e9 o vetor [&hellip;]<\/p>\n","protected":false},"author":246,"featured_media":191310,"comment_status":"closed","ping_status":"closed","sticky":false,"template":"","format":"standard","meta":{"footnotes":""},"categories":[253,436],"tags":[],"class_list":["post-191303","post","type-post","status-publish","format-standard","has-post-thumbnail","hentry","category-cidade","category-destaque-da-semana"],"_links":{"self":[{"href":"https:\/\/diarioregionaldigital.com.br\/index.php?rest_route=\/wp\/v2\/posts\/191303","targetHints":{"allow":["GET"]}}],"collection":[{"href":"https:\/\/diarioregionaldigital.com.br\/index.php?rest_route=\/wp\/v2\/posts"}],"about":[{"href":"https:\/\/diarioregionaldigital.com.br\/index.php?rest_route=\/wp\/v2\/types\/post"}],"author":[{"embeddable":true,"href":"https:\/\/diarioregionaldigital.com.br\/index.php?rest_route=\/wp\/v2\/users\/246"}],"replies":[{"embeddable":true,"href":"https:\/\/diarioregionaldigital.com.br\/index.php?rest_route=%2Fwp%2Fv2%2Fcomments&post=191303"}],"version-history":[{"count":1,"href":"https:\/\/diarioregionaldigital.com.br\/index.php?rest_route=\/wp\/v2\/posts\/191303\/revisions"}],"predecessor-version":[{"id":191305,"href":"https:\/\/diarioregionaldigital.com.br\/index.php?rest_route=\/wp\/v2\/posts\/191303\/revisions\/191305"}],"wp:featuredmedia":[{"embeddable":true,"href":"https:\/\/diarioregionaldigital.com.br\/index.php?rest_route=\/wp\/v2\/media\/191310"}],"wp:attachment":[{"href":"https:\/\/diarioregionaldigital.com.br\/index.php?rest_route=%2Fwp%2Fv2%2Fmedia&parent=191303"}],"wp:term":[{"taxonomy":"category","embeddable":true,"href":"https:\/\/diarioregionaldigital.com.br\/index.php?rest_route=%2Fwp%2Fv2%2Fcategories&post=191303"},{"taxonomy":"post_tag","embeddable":true,"href":"https:\/\/diarioregionaldigital.com.br\/index.php?rest_route=%2Fwp%2Fv2%2Ftags&post=191303"}],"curies":[{"name":"wp","href":"https:\/\/api.w.org\/{rel}","templated":true}]}}