{"id":191294,"date":"2021-11-19T19:35:46","date_gmt":"2021-11-19T22:35:46","guid":{"rendered":"https:\/\/diarioregionaldigital.com.br\/?p=191294"},"modified":"2021-11-19T19:35:46","modified_gmt":"2021-11-19T22:35:46","slug":"rayan-dutra-e-rafael-andrade-avancam-a-final-do-mundial-de-trampolim","status":"publish","type":"post","link":"https:\/\/diarioregionaldigital.com.br\/?p=191294","title":{"rendered":"Rayan Dutra e Rafael Andrade avan\u00e7am \u00e0 final do Mundial de Trampolim"},"content":{"rendered":"<p>Os ginastas Rayan Dutra e Rafael Andrade classificaram o Brasil para a final de duplas sincronizadas do Mundial de Trampolim, em Baku (Azerbaij\u00e3o). \u00c9 a primeira vez que uma dupla masculina do pa\u00eds chega \u00e0 disputa do ouro na competi\u00e7\u00e3o. A final ser\u00e1 neste s\u00e1bado (20), \u00e0s 11h55 (hor\u00e1rio de Bras\u00edlia). Antes, \u00e0s 8h, a ginasta\u00a0<a href=\"https:\/\/agenciabrasil.ebc.com.br\/esportes\/noticia\/2021-11\/camilla-gomes-avanca-semifinal-do-mundial-de-ginastica-de-trampolim\">Camilla Gomes disputa a semifinal individual<\/a>\u00a0e, se avan\u00e7ar, disputar\u00e1 o ouro no domingo (21).\u00a0<img decoding=\"async\" src=\"https:\/\/agenciabrasil.ebc.com.br\/ebc.png?id=1428279&amp;o=node\" \/><img decoding=\"async\" src=\"https:\/\/agenciabrasil.ebc.com.br\/ebc.gif?id=1428279&amp;o=node\" \/><\/p>\n<p>Nesta sexta-feira (19) a dupla masculina brasileira do trampolim sincronizado ficou em s\u00e9timo lugar na etapa qualificat\u00f3ria que classificou os oitos primeiros a final de amanh\u00e3 (21). No sincronizado feminino, Camilla e Alice Hellen ficaram fora da disputa por medalhas: encerram na 13\u00aa posi\u00e7\u00e3o.<\/p>\n<p>Camilla Gomes volta a competir amanh\u00e3 (21) na semifinal do trampolim individual. Na \u00faltima quarta (18) ela ficou em oitavo lugar na qualificat\u00f3ria, entre 24 ginastas classificadas.<\/p>\n<p>O principal objetivo da delega\u00e7\u00e3o brasileira no Mundial de Trampolim \u00e9 somar pontos no ciclo ol\u00edmpico de tr\u00eas anos para os Jogos de Paris. A \u00faltima participa\u00e7\u00e3o do pa\u00eds na competi\u00e7\u00e3o ocorreu na Rio 2016, com Rafael Andrade, gra\u00e7as \u00e0 vaga destinada ao pa\u00eds-sede.<\/p>\n<p><span style=\"font-weight: 400;\">Fonte: Ag\u00eancia Brasil <\/span><\/p>\n","protected":false},"excerpt":{"rendered":"<p>Os ginastas Rayan Dutra e Rafael Andrade classificaram o Brasil para a final de duplas sincronizadas do Mundial de Trampolim, em Baku (Azerbaij\u00e3o). \u00c9 a primeira vez que uma dupla masculina do pa\u00eds chega \u00e0 disputa do ouro na competi\u00e7\u00e3o. A final ser\u00e1 neste s\u00e1bado (20), \u00e0s 11h55 (hor\u00e1rio de Bras\u00edlia). Antes, \u00e0s 8h, a [&hellip;]<\/p>\n","protected":false},"author":246,"featured_media":191295,"comment_status":"closed","ping_status":"closed","sticky":false,"template":"","format":"standard","meta":{"footnotes":""},"categories":[436,257],"tags":[],"class_list":["post-191294","post","type-post","status-publish","format-standard","has-post-thumbnail","hentry","category-destaque-da-semana","category-esporte"],"_links":{"self":[{"href":"https:\/\/diarioregionaldigital.com.br\/index.php?rest_route=\/wp\/v2\/posts\/191294","targetHints":{"allow":["GET"]}}],"collection":[{"href":"https:\/\/diarioregionaldigital.com.br\/index.php?rest_route=\/wp\/v2\/posts"}],"about":[{"href":"https:\/\/diarioregionaldigital.com.br\/index.php?rest_route=\/wp\/v2\/types\/post"}],"author":[{"embeddable":true,"href":"https:\/\/diarioregionaldigital.com.br\/index.php?rest_route=\/wp\/v2\/users\/246"}],"replies":[{"embeddable":true,"href":"https:\/\/diarioregionaldigital.com.br\/index.php?rest_route=%2Fwp%2Fv2%2Fcomments&post=191294"}],"version-history":[{"count":1,"href":"https:\/\/diarioregionaldigital.com.br\/index.php?rest_route=\/wp\/v2\/posts\/191294\/revisions"}],"predecessor-version":[{"id":191296,"href":"https:\/\/diarioregionaldigital.com.br\/index.php?rest_route=\/wp\/v2\/posts\/191294\/revisions\/191296"}],"wp:featuredmedia":[{"embeddable":true,"href":"https:\/\/diarioregionaldigital.com.br\/index.php?rest_route=\/wp\/v2\/media\/191295"}],"wp:attachment":[{"href":"https:\/\/diarioregionaldigital.com.br\/index.php?rest_route=%2Fwp%2Fv2%2Fmedia&parent=191294"}],"wp:term":[{"taxonomy":"category","embeddable":true,"href":"https:\/\/diarioregionaldigital.com.br\/index.php?rest_route=%2Fwp%2Fv2%2Fcategories&post=191294"},{"taxonomy":"post_tag","embeddable":true,"href":"https:\/\/diarioregionaldigital.com.br\/index.php?rest_route=%2Fwp%2Fv2%2Ftags&post=191294"}],"curies":[{"name":"wp","href":"https:\/\/api.w.org\/{rel}","templated":true}]}}