{"id":191290,"date":"2021-11-19T19:33:16","date_gmt":"2021-11-19T22:33:16","guid":{"rendered":"https:\/\/diarioregionaldigital.com.br\/?p=191290"},"modified":"2021-11-19T19:33:16","modified_gmt":"2021-11-19T22:33:16","slug":"bottas-da-mercedes-e-o-mais-rapido-no-primeiro-dia-da-f1-no-catar","status":"publish","type":"post","link":"https:\/\/diarioregionaldigital.com.br\/?p=191290","title":{"rendered":"Bottas, da Mercedes, \u00e9 o mais r\u00e1pido no primeiro dia da F1 no Catar"},"content":{"rendered":"<p>Valtteri Bottas deu a volta mais r\u00e1pida com sua Mercedes durante o treino livre noturno desta sexta-feira (19) no Catar, onde a F\u00f3rmula 1 se prepara para correr pela primeira vez no momento em que a batalha pelo t\u00edtulo entra em sua fase decisiva.<img decoding=\"async\" src=\"https:\/\/agenciabrasil.ebc.com.br\/ebc.png?id=1428283&amp;o=node\" \/><img decoding=\"async\" src=\"https:\/\/agenciabrasil.ebc.com.br\/ebc.gif?id=1428283&amp;o=node\" \/><\/p>\n<p>L\u00edder do campeonato, Max Verstappen, da Red Bull, ditou o ritmo inicialmente em uma primeira sess\u00e3o explorat\u00f3ria durante o dia no circuito Losail, localizado nos arredores de Doha, mas Bottas terminou o dia no topo ap\u00f3s o segundo treino.<\/p>\n<p>&#8220;Hoje come\u00e7ou bem com a configura\u00e7\u00e3o, o equil\u00edbrio estava muito bom na primeira volta e s\u00f3 ser\u00e1 preciso fazer ajustes pequenos para a FP2 (segunda sess\u00e3o)&#8221;, disse Bottas, cujo colega de equipe e heptacampe\u00e3o mundial, Lewis Hamilton, ficou em quarto lugar nas duas sess\u00f5es.\u00a0&#8220;Eu diria que esta \u00e9 a maneira ideal de come\u00e7ar um final de semana em uma pista nova&#8221;, acrescentou.<\/p>\n<p>O finland\u00eas, fora da disputa do t\u00edtulo e a caminho da su\u00ed\u00e7a Alfa Romeo na pr\u00f3xima temporada, fez uma volta em 1min23seg148. Mais cedo, o melhor tempo de Verstappen foi 1min23seg723.<\/p>\n<p>Bottas foi 0seg350 mais veloz do que Verstappen na segunda sess\u00e3o.<\/p>\n<p>&#8220;Hoje Valtteri parecia o cara na pista, ele foi r\u00e1pido em uma volta \u00fanica e muito bom em um trecho longo&#8221;, disse Andrew Shovlin, engenheiro de pista da Mercedes, que ficou satisfeito de ver o circuito corresponder \u00e0s expectativas.<\/p>\n<p><span style=\"font-weight: 400;\">Fonte: Ag\u00eancia Brasil <\/span><\/p>\n","protected":false},"excerpt":{"rendered":"<p>Valtteri Bottas deu a volta mais r\u00e1pida com sua Mercedes durante o treino livre noturno desta sexta-feira (19) no Catar, onde a F\u00f3rmula 1 se prepara para correr pela primeira vez no momento em que a batalha pelo t\u00edtulo entra em sua fase decisiva. L\u00edder do campeonato, Max Verstappen, da Red Bull, ditou o ritmo [&hellip;]<\/p>\n","protected":false},"author":246,"featured_media":191291,"comment_status":"closed","ping_status":"closed","sticky":false,"template":"","format":"standard","meta":{"footnotes":""},"categories":[436,257],"tags":[],"class_list":["post-191290","post","type-post","status-publish","format-standard","has-post-thumbnail","hentry","category-destaque-da-semana","category-esporte"],"_links":{"self":[{"href":"https:\/\/diarioregionaldigital.com.br\/index.php?rest_route=\/wp\/v2\/posts\/191290","targetHints":{"allow":["GET"]}}],"collection":[{"href":"https:\/\/diarioregionaldigital.com.br\/index.php?rest_route=\/wp\/v2\/posts"}],"about":[{"href":"https:\/\/diarioregionaldigital.com.br\/index.php?rest_route=\/wp\/v2\/types\/post"}],"author":[{"embeddable":true,"href":"https:\/\/diarioregionaldigital.com.br\/index.php?rest_route=\/wp\/v2\/users\/246"}],"replies":[{"embeddable":true,"href":"https:\/\/diarioregionaldigital.com.br\/index.php?rest_route=%2Fwp%2Fv2%2Fcomments&post=191290"}],"version-history":[{"count":2,"href":"https:\/\/diarioregionaldigital.com.br\/index.php?rest_route=\/wp\/v2\/posts\/191290\/revisions"}],"predecessor-version":[{"id":191293,"href":"https:\/\/diarioregionaldigital.com.br\/index.php?rest_route=\/wp\/v2\/posts\/191290\/revisions\/191293"}],"wp:featuredmedia":[{"embeddable":true,"href":"https:\/\/diarioregionaldigital.com.br\/index.php?rest_route=\/wp\/v2\/media\/191291"}],"wp:attachment":[{"href":"https:\/\/diarioregionaldigital.com.br\/index.php?rest_route=%2Fwp%2Fv2%2Fmedia&parent=191290"}],"wp:term":[{"taxonomy":"category","embeddable":true,"href":"https:\/\/diarioregionaldigital.com.br\/index.php?rest_route=%2Fwp%2Fv2%2Fcategories&post=191290"},{"taxonomy":"post_tag","embeddable":true,"href":"https:\/\/diarioregionaldigital.com.br\/index.php?rest_route=%2Fwp%2Fv2%2Ftags&post=191290"}],"curies":[{"name":"wp","href":"https:\/\/api.w.org\/{rel}","templated":true}]}}