{"id":191287,"date":"2021-11-19T19:31:20","date_gmt":"2021-11-19T22:31:20","guid":{"rendered":"https:\/\/diarioregionaldigital.com.br\/?p=191287"},"modified":"2021-11-19T19:31:20","modified_gmt":"2021-11-19T22:31:20","slug":"repescagens-para-a-copa-do-mundo-serao-disputadas-em-jogo-unico","status":"publish","type":"post","link":"https:\/\/diarioregionaldigital.com.br\/?p=191287","title":{"rendered":"Repescagens para a Copa do Mundo ser\u00e3o disputadas em jogo \u00fanico"},"content":{"rendered":"<p>As disputas de repescagem para a Copa do Mundo de 2022 ser\u00e3o realizadas em partidas \u00fanicas, em vez dos habituais jogos de ida e volta, anunciou a Fifa nesta sexta-feira (19).<img decoding=\"async\" src=\"https:\/\/agenciabrasil.ebc.com.br\/ebc.png?id=1428291&amp;o=node\" \/><img decoding=\"async\" src=\"https:\/\/agenciabrasil.ebc.com.br\/ebc.gif?id=1428291&amp;o=node\" \/><\/p>\n<p>As repescagens ser\u00e3o disputadas pelas sele\u00e7\u00f5es mais bem colocadas abaixo da zona de classifica\u00e7\u00e3o direta para o Mundial nas Eliminat\u00f3rias da \u00c1frica, da \u00c1sia, da Am\u00e9rica do Sul e da Concacaf (Am\u00e9rica do Norte, Am\u00e9rica Central e Caribe).<\/p>\n<p>Quatro na\u00e7\u00f5es competir\u00e3o por duas vagas na Copa, que ser\u00e3o realizadas em novembro de 2022 no Catar.<\/p>\n<p>As partidas da repescagem estavam originalmente programadas para duas datas em mar\u00e7o de 2022, mas foram remarcadas para junho de 2022 devido \u00e0 interrup\u00e7\u00e3o do calend\u00e1rio do futebol causada pela pandemia da covid-19.<\/p>\n<p>Os jogos agora ser\u00e3o disputados em um local neutro, que ainda n\u00e3o foi determinado pela Fifa.<\/p>\n<p>O sorteio dos confrontos ser\u00e1 realizado na sexta-feira (26), ap\u00f3s o sorteio dos duelos das eliminat\u00f3rias europeias.<\/p>\n<p><span style=\"font-weight: 400;\"><br \/>\n<\/span><span style=\"font-weight: 400;\">Fonte: Ag\u00eancia Brasil <\/span><\/p>\n","protected":false},"excerpt":{"rendered":"<p>As disputas de repescagem para a Copa do Mundo de 2022 ser\u00e3o realizadas em partidas \u00fanicas, em vez dos habituais jogos de ida e volta, anunciou a Fifa nesta sexta-feira (19). As repescagens ser\u00e3o disputadas pelas sele\u00e7\u00f5es mais bem colocadas abaixo da zona de classifica\u00e7\u00e3o direta para o Mundial nas Eliminat\u00f3rias da \u00c1frica, da \u00c1sia, [&hellip;]<\/p>\n","protected":false},"author":246,"featured_media":191288,"comment_status":"closed","ping_status":"closed","sticky":false,"template":"","format":"standard","meta":{"footnotes":""},"categories":[436,257],"tags":[],"class_list":["post-191287","post","type-post","status-publish","format-standard","has-post-thumbnail","hentry","category-destaque-da-semana","category-esporte"],"_links":{"self":[{"href":"https:\/\/diarioregionaldigital.com.br\/index.php?rest_route=\/wp\/v2\/posts\/191287","targetHints":{"allow":["GET"]}}],"collection":[{"href":"https:\/\/diarioregionaldigital.com.br\/index.php?rest_route=\/wp\/v2\/posts"}],"about":[{"href":"https:\/\/diarioregionaldigital.com.br\/index.php?rest_route=\/wp\/v2\/types\/post"}],"author":[{"embeddable":true,"href":"https:\/\/diarioregionaldigital.com.br\/index.php?rest_route=\/wp\/v2\/users\/246"}],"replies":[{"embeddable":true,"href":"https:\/\/diarioregionaldigital.com.br\/index.php?rest_route=%2Fwp%2Fv2%2Fcomments&post=191287"}],"version-history":[{"count":1,"href":"https:\/\/diarioregionaldigital.com.br\/index.php?rest_route=\/wp\/v2\/posts\/191287\/revisions"}],"predecessor-version":[{"id":191289,"href":"https:\/\/diarioregionaldigital.com.br\/index.php?rest_route=\/wp\/v2\/posts\/191287\/revisions\/191289"}],"wp:featuredmedia":[{"embeddable":true,"href":"https:\/\/diarioregionaldigital.com.br\/index.php?rest_route=\/wp\/v2\/media\/191288"}],"wp:attachment":[{"href":"https:\/\/diarioregionaldigital.com.br\/index.php?rest_route=%2Fwp%2Fv2%2Fmedia&parent=191287"}],"wp:term":[{"taxonomy":"category","embeddable":true,"href":"https:\/\/diarioregionaldigital.com.br\/index.php?rest_route=%2Fwp%2Fv2%2Fcategories&post=191287"},{"taxonomy":"post_tag","embeddable":true,"href":"https:\/\/diarioregionaldigital.com.br\/index.php?rest_route=%2Fwp%2Fv2%2Ftags&post=191287"}],"curies":[{"name":"wp","href":"https:\/\/api.w.org\/{rel}","templated":true}]}}