{"id":191281,"date":"2021-11-19T19:12:08","date_gmt":"2021-11-19T22:12:08","guid":{"rendered":"https:\/\/diarioregionaldigital.com.br\/?p=191281"},"modified":"2021-11-19T19:12:08","modified_gmt":"2021-11-19T22:12:08","slug":"ccj-adia-analise-sobre-plebiscito-para-criar-estado-do-tapajos","status":"publish","type":"post","link":"https:\/\/diarioregionaldigital.com.br\/?p=191281","title":{"rendered":"CCJ adia an\u00e1lise sobre plebiscito para criar estado do Tapaj\u00f3s"},"content":{"rendered":"<p>Um pedido de vista na Comiss\u00e3o de Constitui\u00e7\u00e3o e Justi\u00e7a do Senado adiou\u00a0hoje\u00a0(17) a vota\u00e7\u00e3o de um projeto de Decreto Legislativo (PDL) 508\/2019 que convoca a realiza\u00e7\u00e3o de um plebiscito sobre a cria\u00e7\u00e3o do Estado do Tapaj\u00f3s. O relator da proposta, senador Pl\u00ednio Val\u00e9rio (PSDB-AM) apresentou parecer favor\u00e1vel \u00e0 realiza\u00e7\u00e3o da consulta popular que, caso aprovada, deve ser feita junto \u00e0 popula\u00e7\u00e3o do Par\u00e1.<img decoding=\"async\" src=\"https:\/\/agenciabrasil.ebc.com.br\/ebc.png?id=1428066&amp;o=node\" \/><img decoding=\"async\" src=\"https:\/\/agenciabrasil.ebc.com.br\/ebc.gif?id=1428066&amp;o=node\" \/><\/p>\n<p>Com o adiamento, o projeto deve ser votado no colegiado na pr\u00f3xima semana. A legisla\u00e7\u00e3o diz que o plebiscito \u00e9 convocado mediante decreto legislativo, por proposta de um\u00a0ter\u00e7o, no m\u00ednimo, dos membros que comp\u00f5em qualquer das Casas, no\u00a0Congresso Nacional. O projeto precisa ser votado na C\u00e2mara e no Senado. Uma vez aprovado, o texto se transforma em um decreto legislativo.<\/p>\n<p>A proposta diz que o estado do Tapaj\u00f3s ser\u00e1 criado a partir da divis\u00e3o do estado do Par\u00e1, ficando com 43,15%, totalizando 538,049 mil km\u00b2. O texto diz que caso seja criado, o novo estado\u00a0ter\u00e1 cerca de dois milh\u00f5es de habitantes e, inicialmente, 23 munic\u00edpios, situados a oeste do estado atual, entre eles, Santar\u00e9m.<\/p>\n<p>Al\u00e9m de Santar\u00e9m, fariam parte do novo estado os munic\u00edpios de Alenquer, Almeirim, Aveiro, Belterra, Brasil Novo, Curu\u00e1, Faro, Itaituba, Jacareacanga, Juruti, Medicil\u00e2ndia, Moju\u00ed dos Campos, Monte Alegre, Novo Progresso, \u00d3bidos, Oriximin\u00e1, Placas, Prainha, Rur\u00f3polis, Terra Santa, Trair\u00e3o e Uruar\u00e1.<\/p>\n<p>O texto diz ainda que, caso seja aprovado, plebiscito ocorrer\u00e1 simultaneamente \u00e0s elei\u00e7\u00f5es gerais ou municipais que sucederem a aprova\u00e7\u00e3o do Decreto Legislativo. Caber\u00e1 ao Tribunal Superior Eleitoral (TSE), editar uma resolu\u00e7\u00e3o com as regras do plebiscito.<\/p>\n<p><span style=\"font-weight: 400;\">Fonte: Ag\u00eancia Brasil <\/span><\/p>\n","protected":false},"excerpt":{"rendered":"<p>Um pedido de vista na Comiss\u00e3o de Constitui\u00e7\u00e3o e Justi\u00e7a do Senado adiou\u00a0hoje\u00a0(17) a vota\u00e7\u00e3o de um projeto de Decreto Legislativo (PDL) 508\/2019 que convoca a realiza\u00e7\u00e3o de um plebiscito sobre a cria\u00e7\u00e3o do Estado do Tapaj\u00f3s. O relator da proposta, senador Pl\u00ednio Val\u00e9rio (PSDB-AM) apresentou parecer favor\u00e1vel \u00e0 realiza\u00e7\u00e3o da consulta popular que, caso [&hellip;]<\/p>\n","protected":false},"author":246,"featured_media":191282,"comment_status":"closed","ping_status":"closed","sticky":false,"template":"","format":"standard","meta":{"footnotes":""},"categories":[436,254],"tags":[],"class_list":["post-191281","post","type-post","status-publish","format-standard","has-post-thumbnail","hentry","category-destaque-da-semana","category-politica"],"_links":{"self":[{"href":"https:\/\/diarioregionaldigital.com.br\/index.php?rest_route=\/wp\/v2\/posts\/191281","targetHints":{"allow":["GET"]}}],"collection":[{"href":"https:\/\/diarioregionaldigital.com.br\/index.php?rest_route=\/wp\/v2\/posts"}],"about":[{"href":"https:\/\/diarioregionaldigital.com.br\/index.php?rest_route=\/wp\/v2\/types\/post"}],"author":[{"embeddable":true,"href":"https:\/\/diarioregionaldigital.com.br\/index.php?rest_route=\/wp\/v2\/users\/246"}],"replies":[{"embeddable":true,"href":"https:\/\/diarioregionaldigital.com.br\/index.php?rest_route=%2Fwp%2Fv2%2Fcomments&post=191281"}],"version-history":[{"count":1,"href":"https:\/\/diarioregionaldigital.com.br\/index.php?rest_route=\/wp\/v2\/posts\/191281\/revisions"}],"predecessor-version":[{"id":191283,"href":"https:\/\/diarioregionaldigital.com.br\/index.php?rest_route=\/wp\/v2\/posts\/191281\/revisions\/191283"}],"wp:featuredmedia":[{"embeddable":true,"href":"https:\/\/diarioregionaldigital.com.br\/index.php?rest_route=\/wp\/v2\/media\/191282"}],"wp:attachment":[{"href":"https:\/\/diarioregionaldigital.com.br\/index.php?rest_route=%2Fwp%2Fv2%2Fmedia&parent=191281"}],"wp:term":[{"taxonomy":"category","embeddable":true,"href":"https:\/\/diarioregionaldigital.com.br\/index.php?rest_route=%2Fwp%2Fv2%2Fcategories&post=191281"},{"taxonomy":"post_tag","embeddable":true,"href":"https:\/\/diarioregionaldigital.com.br\/index.php?rest_route=%2Fwp%2Fv2%2Ftags&post=191281"}],"curies":[{"name":"wp","href":"https:\/\/api.w.org\/{rel}","templated":true}]}}