{"id":191265,"date":"2021-11-19T18:43:58","date_gmt":"2021-11-19T21:43:58","guid":{"rendered":"https:\/\/diarioregionaldigital.com.br\/?p=191265"},"modified":"2021-11-19T18:43:58","modified_gmt":"2021-11-19T21:43:58","slug":"atividade-economica-do-pais-recua-01-no-terceiro-trimestre","status":"publish","type":"post","link":"https:\/\/diarioregionaldigital.com.br\/?p=191265","title":{"rendered":"Atividade econ\u00f4mica do pa\u00eds recua 0,1% no terceiro trimestre"},"content":{"rendered":"<p>A atividade econ\u00f4mica no pa\u00eds recuou 0,1% no terceiro trimestre, em rela\u00e7\u00e3o ao per\u00edodo anterior, mas em setembro teve alta de 0,3%, se comparado a agosto. Frente ao terceiro trimestre do ano passado, a economia brasileira cresceu 4,1%, e 2,4% em setembro, comparado ao mesmo m\u00eas em 2020. Em termos monet\u00e1rios, no acumulado do ano at\u00e9 setembro, o Produto Interno Bruto (PIB, soma dos bens e dos servi\u00e7os produzidos no pa\u00eds) foi estimado, em valores correntes, em R$ 6,338 trilh\u00f5es.<img decoding=\"async\" src=\"https:\/\/agenciabrasil.ebc.com.br\/ebc.png?id=1428271&amp;o=node\" \/><img decoding=\"async\" src=\"https:\/\/agenciabrasil.ebc.com.br\/ebc.gif?id=1428271&amp;o=node\" \/><\/p>\n<p>Os dados s\u00e3o do Monitor do Produto Interno Bruto, elaborado pela Funda\u00e7\u00e3o Getulio Vargas (Monitor do PIB-FGV), divulgado hoje (19) pelo Instituto Brasileiro de Economia da Funda\u00e7\u00e3o (Ibre\/FGV).<\/p>\n<p>Na publica\u00e7\u00e3o, a FGV destacou a revis\u00e3o para baixo de 1,4% para 1,2% na taxa de crescimento do PIB de 2019 feita pelo IBGE. Pelos c\u00e1lculos do monitor, na pr\u00f3xima divulga\u00e7\u00e3o das Contas Nacionais Trimestrais (CNT) o IBGE vai fazer a revis\u00e3o da taxa de crescimento do PIB em 2020 da queda de 4,1% para 4,2%.<\/p>\n<p>Para o coordenador do Monitor do PIB-FGV, Cl\u00e1udio Considera, a economia brasileira reverteu a trajet\u00f3ria de recupera\u00e7\u00e3o que havia sido observada no terceiro e quarto trimestre de 2020 e no primeiro trimestre deste ano, comparativamente aos trimestres imediatamente anteriores.<\/p>\n<p>\u201cNo segundo e terceiro trimestres deste ano ocorreram duas taxas negativas de 0,1% em compara\u00e7\u00e3o aos trimestres imediatamente anteriores. Por sua vez, a taxa acumulada em 12 meses, at\u00e9 setembro, foi de apenas 3,7%. A exce\u00e7\u00e3o da extrativa mineral e a administra\u00e7\u00e3o p\u00fablica, todas as demais taxas acumuladas em 12 meses, foram positivas\u201d, explicou.<\/p>\n<p>Nesta compara\u00e7\u00e3o, o economista destacou a taxa do setor de servi\u00e7os, que havia sofrido quedas mensais cont\u00ednuas e elevadas desde abril do ano passado at\u00e9 maio deste ano. Agora, registra taxas acumuladas em 12 meses positivas e crescentes desde junho, com a taxa at\u00e9 setembro sendo de 3%.<\/p>\n<p>\u201cNo setor de servi\u00e7os tem relev\u00e2ncia a atividade de outros servi\u00e7os, que representa cerca de 15% do PIB, que chegou a ter taxa mensal negativa de 22,7% e que apresentou taxas positivas elevadas a partir de abril deste ano\u201d, disse, acrescentando que o desempenho se deve \u00e0 maior abrang\u00eancia da vacina\u00e7\u00e3o.<\/p>\n<p>\u201cPossibilitou a maior intera\u00e7\u00e3o entre as pessoas com idas a hot\u00e9is, bares, restaurantes, viagens etc. Isso \u00e9 compat\u00edvel com o consumo de servi\u00e7os por parte das fam\u00edlias que neste trimestre cresceu 8,9%, enquanto o de bens, \u00e0 exce\u00e7\u00e3o de semidur\u00e1veis (vestu\u00e1rio e cal\u00e7ados), reduziu-se\u201d, disse.<\/p>\n<p>Por causa da influ\u00eancia da pandemia da covid-19 nos fatores sazonais de 2020, que podem n\u00e3o estar realmente relacionados \u00e0 sazonalidade, a edi\u00e7\u00e3o do Monitor do PIB-FGV relativo a setembro incluiu um exerc\u00edcio adicional com rela\u00e7\u00e3o a s\u00e9rie com ajuste sazonal.<\/p>\n<p>Conforme a FGV, esses impactos est\u00e3o sendo analisados por alguns institutos de estat\u00edstica internacionais e, por isso, al\u00e9m do ajuste sazonal habitual, que compreende o per\u00edodo de janeiro de 2000 a setembro de 2021, adicionalmente foi feito &#8220;o ajuste sazonal para 2020 e 2021, considerando os fatores sazonais referentes a 2019 e o fator calend\u00e1rio corrente\u201d.<\/p>\n<p>O Monitor do PIB informa que se forem utilizados os fatores sazonais da s\u00e9rie do PIB do per\u00edodo de 2000 at\u00e9 2019, os resultados apontam para a taxa de varia\u00e7\u00e3o no terceiro trimestre de 2021 de 2,2%, superior \u00e0 queda de 0,1%, caso seja considerado todo per\u00edodo de 2000 at\u00e9 setembro de 2021.<\/p>\n<p>\u201cA taxa de varia\u00e7\u00e3o de setembro de 2021 seria de 1,2% superior \u00e0 de 0,3% observada considerando todo o per\u00edodo de 2000 at\u00e9 setembro de 2021. Esses resultados sugerem que as taxas ajustadas sazonalmente devem ser analisadas com cautela pois a pandemia pode ter influenciado os fatores sazonais por raz\u00f5es econ\u00f4micas e estat\u00edsticas\u201d, alertou.<\/p>\n<p><strong>Fam\u00edlias<\/strong><\/p>\n<p>O consumo das fam\u00edlias subiu 4,4% no terceiro trimestre em rela\u00e7\u00e3o a igual per\u00edodo do ano passado. O crescimento de servi\u00e7os (8,9%) influenciou o resultado. Mas, o componente de produtos dur\u00e1veis teve a primeira queda em doze meses (1,7%). J\u00e1 na s\u00e9rie com ajuste sazonal, o consumo das fam\u00edlias cresceu 0,7% em compara\u00e7\u00e3o ao trimestre anterior.<\/p>\n<p><strong>Investimentos<\/strong><\/p>\n<p>A FBCF, que representa os investimentos, avan\u00e7ou 11,8% entre julho e setembro de 2021, se comparado ao mesmo per\u00edodo do ano passado. Todos os componentes continuaram com a trajet\u00f3ria de crescimento, embora o de m\u00e1quinas e equipamentos tenha reduzido o crescimento, cujo pico foi registrado em maio deste ano. \u201cNa s\u00e9rie ajustada sazonalmente a forma\u00e7\u00e3o bruta de capital fixo apresentou retra\u00e7\u00e3o (4,9%) no 3\u00ba trimestre em compara\u00e7\u00e3o ao 2\u00ba trimestre\u201d, aponta o relat\u00f3rio.<\/p>\n<p><strong>Exporta\u00e7\u00e3o<\/strong><\/p>\n<p>A exporta\u00e7\u00e3o teve alta de 0,8% no terceiro trimestre em rela\u00e7\u00e3o ao mesmo per\u00edodo do ano passado. O crescimento elevado do setor de servi\u00e7os (32,5%) foi destaque, mas em movimento contr\u00e1rio houve queda relevante dos produtos agropecu\u00e1rios (15,6%) e da extrativa mineral (7,2%). Na s\u00e9rie dessazonalizada a exporta\u00e7\u00e3o registrou recuo de 13% entre julho e setembro em compara\u00e7\u00e3o ao trimestre anterior.<\/p>\n<p><strong>Importa\u00e7\u00e3o<\/strong><\/p>\n<p>A importa\u00e7\u00e3o tamb\u00e9m anotou evolu\u00e7\u00e3o. O crescimento no terceiro trimestre ficou em 28,5%, na compara\u00e7\u00e3o com o mesmo per\u00edodo do ano passado. Todos os componentes da importa\u00e7\u00e3o registraram crescimento, com destaque para bens intermedi\u00e1rios (32,4%) e extrativa mineral (71,4%).<\/p>\n<p><span style=\"font-weight: 400;\">Fonte: Ag\u00eancia Brasil <\/span><\/p>\n","protected":false},"excerpt":{"rendered":"<p>A atividade econ\u00f4mica no pa\u00eds recuou 0,1% no terceiro trimestre, em rela\u00e7\u00e3o ao per\u00edodo anterior, mas em setembro teve alta de 0,3%, se comparado a agosto. Frente ao terceiro trimestre do ano passado, a economia brasileira cresceu 4,1%, e 2,4% em setembro, comparado ao mesmo m\u00eas em 2020. Em termos monet\u00e1rios, no acumulado do ano [&hellip;]<\/p>\n","protected":false},"author":246,"featured_media":191266,"comment_status":"closed","ping_status":"closed","sticky":false,"template":"","format":"standard","meta":{"footnotes":""},"categories":[436,261],"tags":[],"class_list":["post-191265","post","type-post","status-publish","format-standard","has-post-thumbnail","hentry","category-destaque-da-semana","category-economia"],"_links":{"self":[{"href":"https:\/\/diarioregionaldigital.com.br\/index.php?rest_route=\/wp\/v2\/posts\/191265","targetHints":{"allow":["GET"]}}],"collection":[{"href":"https:\/\/diarioregionaldigital.com.br\/index.php?rest_route=\/wp\/v2\/posts"}],"about":[{"href":"https:\/\/diarioregionaldigital.com.br\/index.php?rest_route=\/wp\/v2\/types\/post"}],"author":[{"embeddable":true,"href":"https:\/\/diarioregionaldigital.com.br\/index.php?rest_route=\/wp\/v2\/users\/246"}],"replies":[{"embeddable":true,"href":"https:\/\/diarioregionaldigital.com.br\/index.php?rest_route=%2Fwp%2Fv2%2Fcomments&post=191265"}],"version-history":[{"count":1,"href":"https:\/\/diarioregionaldigital.com.br\/index.php?rest_route=\/wp\/v2\/posts\/191265\/revisions"}],"predecessor-version":[{"id":191267,"href":"https:\/\/diarioregionaldigital.com.br\/index.php?rest_route=\/wp\/v2\/posts\/191265\/revisions\/191267"}],"wp:featuredmedia":[{"embeddable":true,"href":"https:\/\/diarioregionaldigital.com.br\/index.php?rest_route=\/wp\/v2\/media\/191266"}],"wp:attachment":[{"href":"https:\/\/diarioregionaldigital.com.br\/index.php?rest_route=%2Fwp%2Fv2%2Fmedia&parent=191265"}],"wp:term":[{"taxonomy":"category","embeddable":true,"href":"https:\/\/diarioregionaldigital.com.br\/index.php?rest_route=%2Fwp%2Fv2%2Fcategories&post=191265"},{"taxonomy":"post_tag","embeddable":true,"href":"https:\/\/diarioregionaldigital.com.br\/index.php?rest_route=%2Fwp%2Fv2%2Ftags&post=191265"}],"curies":[{"name":"wp","href":"https:\/\/api.w.org\/{rel}","templated":true}]}}