{"id":191258,"date":"2021-11-19T18:38:29","date_gmt":"2021-11-19T21:38:29","guid":{"rendered":"https:\/\/diarioregionaldigital.com.br\/?p=191258"},"modified":"2021-11-19T18:38:29","modified_gmt":"2021-11-19T21:38:29","slug":"governo-realiza-feirao-para-venda-de-139-imoveis-em-minas-gerais","status":"publish","type":"post","link":"https:\/\/diarioregionaldigital.com.br\/?p=191258","title":{"rendered":"Governo realiza feir\u00e3o para venda de 139 im\u00f3veis em Minas Gerais"},"content":{"rendered":"<p>A Secretaria de Coordena\u00e7\u00e3o e Governan\u00e7a do Patrim\u00f4nio da Uni\u00e3o (SPU) do Minist\u00e9rio da Economia realizou hoje (19) mais uma edi\u00e7\u00e3o do Feir\u00e3o de Im\u00f3veis SPU+, em Belo Horizonte. Foram ofertados \u00e0 iniciativa privada 139 im\u00f3veis, que est\u00e3o aptos a receber proposta de aquisi\u00e7\u00e3o.<img decoding=\"async\" src=\"https:\/\/agenciabrasil.ebc.com.br\/ebc.png?id=1428303&amp;o=node\" \/><img decoding=\"async\" src=\"https:\/\/agenciabrasil.ebc.com.br\/ebc.gif?id=1428303&amp;o=node\" \/><\/p>\n<p>O novo modelo permite que qualquer pessoa, f\u00edsica ou jur\u00eddica, apresente propostas de compra de im\u00f3veis da Uni\u00e3o, antes de serem ofertados oficialmente em edital. Toda a\u00a0<a href=\"https:\/\/www.gov.br\/economia\/pt-br\/assuntos\/patrimonio-da-uniao\/transparencia\/dados-abertos\" target=\"_blank\" rel=\"noopener\">lista de im\u00f3veis\u00a0<\/a>est\u00e1 publicada na p\u00e1gina da SPU. Assim, o governo consegue otimizar os ativos que ser\u00e3o colocados a venda, de acordo com a atra\u00e7\u00e3o do mercado.<\/p>\n<p>A previs\u00e3o do governo \u00e9 que os leil\u00f5es dos im\u00f3veis apresentados nesta sexta-feira ocorram em mar\u00e7o de 2022. Al\u00e9m de Minas Gerais, a SPU j\u00e1 realizou feir\u00f5es no\u00a0<a href=\"https:\/\/agenciabrasil.ebc.com.br\/economia\/noticia\/2021-08\/governo-federal-lanca-feirao-de-imoveis-da-Uniao-no-rio-de-janeiro\" target=\"_blank\" rel=\"noopener\">Rio de Janeiro\u00a0<\/a>\u00a0e em\u00a0<a href=\"https:\/\/agenciabrasil.ebc.com.br\/economia\/noticia\/2021-10\/ministerio-da-economia-realiza-feirao-de-imoveis-da-uniao-em-sao-paulo\" target=\"_blank\" rel=\"noopener\">S\u00e3o Paulo<\/a>. Mais dois est\u00e3o previstos at\u00e9 o fim do ano, no dia 3 de dezembro em Porto Alegre e, no dia 15, em Bras\u00edlia.<\/p>\n<p>\u201cO que temos buscado \u00e9 diminuir o estoque de \u00e1reas da Uni\u00e3o, que por vezes ficam abandonadas. Vamos continuar ofertando mesmo aqueles ativos que n\u00e3o tiveram propostas. O mercado se interessa por aqueles mais atrativos, mas, uma vez vendidos, vai para os seguintes. O mais importante foi criar o modelo\u201d, disse \u00e0\u00a0<strong>Ag\u00eancia Brasil\u00a0<\/strong>o secret\u00e1rio especial de Desestatiza\u00e7\u00e3o, Desinvestimento e Mercados, Diogo Mac Cord.<\/p>\n<p>Ele explicou que, antes do mecanismo de proposta antecipada, cada R$ 1 em editais virava R$ 0,03 em vendas; com a proposta de aquisi\u00e7\u00e3o de im\u00f3veis, cada R$ 1 em edital se transformou em R$ 1,6 em vendas.<\/p>\n<p>Dos 139 ativos selecionados para o feir\u00e3o desta sexta-feira, 122 s\u00e3o da pr\u00f3pria SPU e 17, do Instituto Nacional do Seguro Social (INSS). S\u00e3o terrenos, galp\u00f5es, fazendas e p\u00e1tios ferrovi\u00e1rios. Os destaques s\u00e3o \u00e1reas no bairro Belvedere, na capital mineira, e em Nova Lima, munic\u00edpio na regi\u00e3o metropolitana, que, juntas, j\u00e1 receberam 38 propostas de compra do mercado imobili\u00e1rio.<\/p>\n<p>Em Minas Gerais, h\u00e1 quase mil im\u00f3veis sob gest\u00e3o da SPU. Desde a regulamenta\u00e7\u00e3o do mecanismo da PAI, mais de 200 propostas foram apresentadas no estado.<\/p>\n<p><strong>Envio de propostas<\/strong><\/p>\n<p>A proposta de aquisi\u00e7\u00e3o de im\u00f3veis foi criada pela Lei 14.011\/20. Os interessados em qualquer im\u00f3vel da Uni\u00e3o podem fazer ofertas de forma totalmente\u00a0<em>online<\/em>\u00a0por meio da plataforma<a href=\"https:\/\/imoveis.economia.gov.br\/\" target=\"_blank\" rel=\"noopener\">\u00a0VendasGov<\/a>.<\/p>\n<p>Caso a proposta seja aceita, o interessado ser\u00e1 orientado a providenciar um laudo de avalia\u00e7\u00e3o do ativo e apresent\u00e1-lo para homologa\u00e7\u00e3o dentro do prazo estabelecido, com o pagamento da cau\u00e7\u00e3o, equivalente a 5% do valor de avalia\u00e7\u00e3o do im\u00f3vel. Em seguida, \u00e9 aberta uma concorr\u00eancia p\u00fablica, em que qualquer interessado poder\u00e1 fazer\u00a0 ofertas na plataforma de vendas.<\/p>\n<p>A vantagem \u00e9 que o proponente que enviou a PAI, providenciou a avalia\u00e7\u00e3o e a homologou na SPU ter\u00e1 direito de prefer\u00eancia na concorr\u00eancia p\u00fablica. Ou seja, caso n\u00e3o apresente a proposta de maior valor no dia da licita\u00e7\u00e3o, poder\u00e1 adquirir o im\u00f3vel em condi\u00e7\u00f5es de igualdade com o licitante que fez a maior oferta. Se preferir n\u00e3o exercer esse direito, al\u00e9m da devolu\u00e7\u00e3o da cau\u00e7\u00e3o, o interessado ser\u00e1 reembolsado dos custos de avalia\u00e7\u00e3o diretamente pelo ganhador da licita\u00e7\u00e3o.<\/p>\n<p>O secret\u00e1rio Mac Cord destacou que, nesse sentido, o pr\u00f3prio mercado acaba regulando o valor do im\u00f3vel, caso o laudo apresentado esteja abaixo do valor de mercado. \u201cPor isso, \u00e9 importante a transpar\u00eancia e competi\u00e7\u00e3o. Uma vez dando publicidade, o mercado sempre vai ajustar o pre\u00e7o\u201d, disse Mac Cord, explicando que o \u00e1gio m\u00e9dio (valor acima do previsto) \u00e9 60% nesses leil\u00f5es.<\/p>\n<p><span style=\"font-weight: 400;\">Fonte: Ag\u00eancia Brasil <\/span><\/p>\n","protected":false},"excerpt":{"rendered":"<p>A Secretaria de Coordena\u00e7\u00e3o e Governan\u00e7a do Patrim\u00f4nio da Uni\u00e3o (SPU) do Minist\u00e9rio da Economia realizou hoje (19) mais uma edi\u00e7\u00e3o do Feir\u00e3o de Im\u00f3veis SPU+, em Belo Horizonte. Foram ofertados \u00e0 iniciativa privada 139 im\u00f3veis, que est\u00e3o aptos a receber proposta de aquisi\u00e7\u00e3o. O novo modelo permite que qualquer pessoa, f\u00edsica ou jur\u00eddica, apresente [&hellip;]<\/p>\n","protected":false},"author":246,"featured_media":191259,"comment_status":"closed","ping_status":"closed","sticky":false,"template":"","format":"standard","meta":{"footnotes":""},"categories":[436,440,261,439],"tags":[],"class_list":["post-191258","post","type-post","status-publish","format-standard","has-post-thumbnail","hentry","category-destaque-da-semana","category-destaques-do-dia","category-economia","category-ultima-hora"],"_links":{"self":[{"href":"https:\/\/diarioregionaldigital.com.br\/index.php?rest_route=\/wp\/v2\/posts\/191258","targetHints":{"allow":["GET"]}}],"collection":[{"href":"https:\/\/diarioregionaldigital.com.br\/index.php?rest_route=\/wp\/v2\/posts"}],"about":[{"href":"https:\/\/diarioregionaldigital.com.br\/index.php?rest_route=\/wp\/v2\/types\/post"}],"author":[{"embeddable":true,"href":"https:\/\/diarioregionaldigital.com.br\/index.php?rest_route=\/wp\/v2\/users\/246"}],"replies":[{"embeddable":true,"href":"https:\/\/diarioregionaldigital.com.br\/index.php?rest_route=%2Fwp%2Fv2%2Fcomments&post=191258"}],"version-history":[{"count":1,"href":"https:\/\/diarioregionaldigital.com.br\/index.php?rest_route=\/wp\/v2\/posts\/191258\/revisions"}],"predecessor-version":[{"id":191260,"href":"https:\/\/diarioregionaldigital.com.br\/index.php?rest_route=\/wp\/v2\/posts\/191258\/revisions\/191260"}],"wp:featuredmedia":[{"embeddable":true,"href":"https:\/\/diarioregionaldigital.com.br\/index.php?rest_route=\/wp\/v2\/media\/191259"}],"wp:attachment":[{"href":"https:\/\/diarioregionaldigital.com.br\/index.php?rest_route=%2Fwp%2Fv2%2Fmedia&parent=191258"}],"wp:term":[{"taxonomy":"category","embeddable":true,"href":"https:\/\/diarioregionaldigital.com.br\/index.php?rest_route=%2Fwp%2Fv2%2Fcategories&post=191258"},{"taxonomy":"post_tag","embeddable":true,"href":"https:\/\/diarioregionaldigital.com.br\/index.php?rest_route=%2Fwp%2Fv2%2Ftags&post=191258"}],"curies":[{"name":"wp","href":"https:\/\/api.w.org\/{rel}","templated":true}]}}