{"id":191247,"date":"2021-11-19T06:00:46","date_gmt":"2021-11-19T09:00:46","guid":{"rendered":"https:\/\/diarioregionaldigital.com.br\/?p=191247"},"modified":"2021-11-18T23:11:16","modified_gmt":"2021-11-19T02:11:16","slug":"prefeitura-municipal-de-descoberto-extrato-de-contrato-cont-no-046-19-11-2021","status":"publish","type":"post","link":"https:\/\/diarioregionaldigital.com.br\/?p=191247","title":{"rendered":"Prefeitura Municipal de Descoberto &#8211; Extrato de Contrato &#8211; Cont n\u00ba 046 &#8211; 19\/11\/2021"},"content":{"rendered":"<p style=\"text-align: center;\"><strong>EXTRATO DE CONTRATO<\/strong><\/p>\n<p style=\"text-align: center;\">Pref. Municipal de Descoberto x H\u00e9lio Correia de Oliveira J\u00fanior Eireli \u2013 Objeto: \u00a0Apresenta\u00e7\u00e3o de show art\u00edstico de Papai Noel no evento denominado \u201cChegada do Papai Noel\u201d \u00a0&#8211; Fundamento: Dispensa n\u00ba 004\/2020 &#8211; Valor Global: 11.000,00 \u00a0&#8211; Vig\u00eancia: 2 meses &#8211; Dot or\u00e7: 02.02008.08.244.0012.237-339039\/100 &#8211; Ass: 18\/11\/2021 &#8211; Foro: S\u00e3o Jo\u00e3o Nepomuceno\/MG.<\/p>\n<p style=\"text-align: center;\"><strong>Marcos de Ara\u00fajo Lima<\/strong><\/p>\n<p style=\"text-align: center;\"><strong>Prefeito Municipal<\/strong><\/p>\n","protected":false},"excerpt":{"rendered":"<p>EXTRATO DE CONTRATO Pref. Municipal de Descoberto x H\u00e9lio Correia de Oliveira J\u00fanior Eireli \u2013 Objeto: \u00a0Apresenta\u00e7\u00e3o de show art\u00edstico de Papai Noel no evento denominado \u201cChegada do Papai Noel\u201d \u00a0&#8211; Fundamento: Dispensa n\u00ba 004\/2020 &#8211; Valor Global: 11.000,00 \u00a0&#8211; Vig\u00eancia: 2 meses &#8211; Dot or\u00e7: 02.02008.08.244.0012.237-339039\/100 &#8211; Ass: 18\/11\/2021 &#8211; Foro: S\u00e3o Jo\u00e3o Nepomuceno\/MG. [&hellip;]<\/p>\n","protected":false},"author":96,"featured_media":0,"comment_status":"closed","ping_status":"closed","sticky":false,"template":"","format":"standard","meta":{"footnotes":""},"categories":[307],"tags":[],"class_list":["post-191247","post","type-post","status-publish","format-standard","hentry","category-editais"],"_links":{"self":[{"href":"https:\/\/diarioregionaldigital.com.br\/index.php?rest_route=\/wp\/v2\/posts\/191247","targetHints":{"allow":["GET"]}}],"collection":[{"href":"https:\/\/diarioregionaldigital.com.br\/index.php?rest_route=\/wp\/v2\/posts"}],"about":[{"href":"https:\/\/diarioregionaldigital.com.br\/index.php?rest_route=\/wp\/v2\/types\/post"}],"author":[{"embeddable":true,"href":"https:\/\/diarioregionaldigital.com.br\/index.php?rest_route=\/wp\/v2\/users\/96"}],"replies":[{"embeddable":true,"href":"https:\/\/diarioregionaldigital.com.br\/index.php?rest_route=%2Fwp%2Fv2%2Fcomments&post=191247"}],"version-history":[{"count":1,"href":"https:\/\/diarioregionaldigital.com.br\/index.php?rest_route=\/wp\/v2\/posts\/191247\/revisions"}],"predecessor-version":[{"id":191248,"href":"https:\/\/diarioregionaldigital.com.br\/index.php?rest_route=\/wp\/v2\/posts\/191247\/revisions\/191248"}],"wp:attachment":[{"href":"https:\/\/diarioregionaldigital.com.br\/index.php?rest_route=%2Fwp%2Fv2%2Fmedia&parent=191247"}],"wp:term":[{"taxonomy":"category","embeddable":true,"href":"https:\/\/diarioregionaldigital.com.br\/index.php?rest_route=%2Fwp%2Fv2%2Fcategories&post=191247"},{"taxonomy":"post_tag","embeddable":true,"href":"https:\/\/diarioregionaldigital.com.br\/index.php?rest_route=%2Fwp%2Fv2%2Ftags&post=191247"}],"curies":[{"name":"wp","href":"https:\/\/api.w.org\/{rel}","templated":true}]}}