{"id":191243,"date":"2021-11-12T06:00:38","date_gmt":"2021-11-12T09:00:38","guid":{"rendered":"https:\/\/diarioregionaldigital.com.br\/?p=191243"},"modified":"2021-11-18T23:05:39","modified_gmt":"2021-11-19T02:05:39","slug":"perfeicao","status":"publish","type":"post","link":"https:\/\/diarioregionaldigital.com.br\/?p=191243","title":{"rendered":"Perfei\u00e7\u00e3o"},"content":{"rendered":"<p>\u201cSede v\u00f3s pois perfeitos, como \u00e9 perfeito o vosso Pai que est\u00e1 nos c\u00e9us\u201d (Mateus 5: 48).<\/p>\n<p>Jesus Cristo nos ordena: sejam perfeitos! Veja que responsabilidade e que grande desafio. Ser\u00e1 que conseguimos? Se Jesus ordenou, confiamos que certamente podemos chegar l\u00e1 !<\/p>\n<p>Deus nos criou como seres humanos perfeitos: \u201cE criou Deus o homem \u00e0 sua imagem; \u00e0 imagem de Deus o criou; homem e mulher os criou\u201d (G\u00eanesis 1: 27). Olhe para si, veja a sofistica\u00e7\u00e3o do seu corpo e perceba o brilhantismo de sua mente. Repare em suas capacidades, inventividade, seu amor para com os mais queridos\u2026 n\u00e3o somos a imagem da perfei\u00e7\u00e3o?!<\/p>\n<p>Por\u00e9m, o conhecimento do mal trouxe o pecado que nos maculou; a queda nos manchou tornando o perfeito imperfeito: \u201cPortanto, como por um homem entrou o pecado no mundo, e pelo pecado a morte, assim tamb\u00e9m a morte passou a todos os homens por isso que todos pecaram\u201d (Romanos 5: 12).<\/p>\n<p>Em fun\u00e7\u00e3o da queda, quando olhamos para o nosso interior com sinceridade percebemos uma s\u00e9rie de defeitos, especialmente os morais, alguns mais s\u00e9rios, outros nem tanto, \u00e9 por isso que voc\u00ea se enxerga imperfeito, porque o pecado te tornou assim: \u201cNa verdade que n\u00e3o h\u00e1 homem justo sobre a terra, que fa\u00e7a o bem, e nunca peque\u201d (Eclesiastes 7: 20).<\/p>\n<p><strong>Dessa constata\u00e7\u00e3o emerge o desafio, como cumprir a ordem de tornar perfeito, sendo imperfeito<\/strong><\/p>\n<p>Sem d\u00favida que alcan\u00e7ar tal prop\u00f3sito requer esfor\u00e7o pessoal, por\u00e9m, sozinhos, por n\u00f3s mesmos, atrav\u00e9s das nossas pr\u00f3prias for\u00e7as, jamais conseguiremos: \u201cAssim, pois, isto n\u00e3o depende do que quer, nem do que corre, mas de Deus, que se compadece\u201d (Romanos 9: 16).<\/p>\n<p>Na verdade, a chave \u00e9 Cristo, a reden\u00e7\u00e3o que leva \u00e0 perfei\u00e7\u00e3o \u00e9 obra do pr\u00f3prio Deus manifestado em Seu Filho que \u00e9 o meio de nos trazer de volta \u00e0s coisas perfeitas: \u201cDeus \u00e9 o que me cinge de for\u00e7a e aperfei\u00e7oa o meu caminho\u201d (Salmos 18: 32).<\/p>\n<p>N\u00e3o estamos abandonados em nossa imperfei\u00e7\u00e3o adquirida, pois a revela\u00e7\u00e3o aponta o caminho para reencontrar aquilo que foi perdido junto com a inoc\u00eancia. Sendo assim, a perfei\u00e7\u00e3o implica no esfor\u00e7o somado \u00e0 entrega. Se entregue, entregue ao Pai a dire\u00e7\u00e3o da sua vida, porque: \u201cO caminho de Deus \u00e9 perfeito; a palavra do SENHOR \u00e9 provada; \u00e9 um escudo para todos os que nele confiam (Salmos 18: 30).<\/p>\n<p>O esfor\u00e7o associado \u00e0 entrega nos potencializa para nos tornarmos \u201cimitadores de Deus\u201d, tal como Cristo nos ordena:\u00a0 \u201csede\u201d \u201cperfeito\u201d \u201cCOMO \u00e9 perfeito o vosso Pai\u201d: SEDE, pois, imitadores de Deus, como filhos amados\u201d (Ef\u00e9sios 5: 1).<\/p>\n<p>Por\u00e9m, para transformar pot\u00eancia em ato, precisamos do conhecimento que est\u00e1 \u00e0 nossa disposi\u00e7\u00e3o nas Escrituras. Desobstrua a sua mente e contemple a imagem revelada de Deus que \u00e9 Cristo: \u201cO qual \u00e9 imagem do Deus invis\u00edvel, o primog\u00eanito de toda a cria\u00e7\u00e3o\u201d (Colossenses 1: 15).<\/p>\n<p>Tornar-se perfeito \u00e9 um processo que pode n\u00e3o ser completado nesta vida: \u201cMas, quando vier o que \u00e9 perfeito, ent\u00e3o o que o \u00e9 em parte ser\u00e1 aniquilado\u201d (1 Cor\u00edntios 13: 10). Por\u00e9m, o aperfei\u00e7oamento revela-se, como parte, na conduta reta e em cada ato de bondade praticado que gera frutos de justi\u00e7a para Deus: \u201cAssim resplande\u00e7a a vossa luz diante dos homens, para que vejam as vossas boas obras e glorifiquem a vosso Pai, que est\u00e1 nos c\u00e9us\u201d (Mateus 5: 16).<\/p>\n<p>Caminhemos em perfei\u00e7\u00e3o por este mundo no qual somos imperfeitos imitadores do Pai, sempre tendo os olhos fixados no porvir perfeito de Deus: \u201cNisto \u00e9 perfeito o amor para conosco, para que no dia do ju\u00edzo tenhamos confian\u00e7a; porque, qual ele \u00e9, somos n\u00f3s tamb\u00e9m neste mundo\u201d (1 Jo\u00e3o 4: 17).<\/p>\n","protected":false},"excerpt":{"rendered":"<p>\u201cSede v\u00f3s pois perfeitos, como \u00e9 perfeito o vosso Pai que est\u00e1 nos c\u00e9us\u201d (Mateus 5: 48). Jesus Cristo nos ordena: sejam perfeitos! Veja que responsabilidade e que grande desafio. Ser\u00e1 que conseguimos? Se Jesus ordenou, confiamos que certamente podemos chegar l\u00e1 ! Deus nos criou como seres humanos perfeitos: \u201cE criou Deus o homem [&hellip;]<\/p>\n","protected":false},"author":96,"featured_media":0,"comment_status":"closed","ping_status":"closed","sticky":false,"template":"","format":"standard","meta":{"footnotes":""},"categories":[1244],"tags":[],"class_list":["post-191243","post","type-post","status-publish","format-standard","hentry","category-oleg-abramov"],"_links":{"self":[{"href":"https:\/\/diarioregionaldigital.com.br\/index.php?rest_route=\/wp\/v2\/posts\/191243","targetHints":{"allow":["GET"]}}],"collection":[{"href":"https:\/\/diarioregionaldigital.com.br\/index.php?rest_route=\/wp\/v2\/posts"}],"about":[{"href":"https:\/\/diarioregionaldigital.com.br\/index.php?rest_route=\/wp\/v2\/types\/post"}],"author":[{"embeddable":true,"href":"https:\/\/diarioregionaldigital.com.br\/index.php?rest_route=\/wp\/v2\/users\/96"}],"replies":[{"embeddable":true,"href":"https:\/\/diarioregionaldigital.com.br\/index.php?rest_route=%2Fwp%2Fv2%2Fcomments&post=191243"}],"version-history":[{"count":1,"href":"https:\/\/diarioregionaldigital.com.br\/index.php?rest_route=\/wp\/v2\/posts\/191243\/revisions"}],"predecessor-version":[{"id":191244,"href":"https:\/\/diarioregionaldigital.com.br\/index.php?rest_route=\/wp\/v2\/posts\/191243\/revisions\/191244"}],"wp:attachment":[{"href":"https:\/\/diarioregionaldigital.com.br\/index.php?rest_route=%2Fwp%2Fv2%2Fmedia&parent=191243"}],"wp:term":[{"taxonomy":"category","embeddable":true,"href":"https:\/\/diarioregionaldigital.com.br\/index.php?rest_route=%2Fwp%2Fv2%2Fcategories&post=191243"},{"taxonomy":"post_tag","embeddable":true,"href":"https:\/\/diarioregionaldigital.com.br\/index.php?rest_route=%2Fwp%2Fv2%2Ftags&post=191243"}],"curies":[{"name":"wp","href":"https:\/\/api.w.org\/{rel}","templated":true}]}}