{"id":191240,"date":"2021-11-18T19:28:31","date_gmt":"2021-11-18T22:28:31","guid":{"rendered":"https:\/\/diarioregionaldigital.com.br\/?p=191240"},"modified":"2021-11-18T19:28:31","modified_gmt":"2021-11-18T22:28:31","slug":"mercado-municipal-sedia-eventos-de-comunidades-tradicionais","status":"publish","type":"post","link":"https:\/\/diarioregionaldigital.com.br\/?p=191240","title":{"rendered":"Mercado Municipal sedia eventos de comunidades tradicionais"},"content":{"rendered":"<p>Segundo informa\u00e7\u00f5es do site da Prefeitura de Juiz de Fora, ser\u00e1 aberto nesta sexta-feira, 19, \u00e0s 9h, o 18\u00ba Semin\u00e1rio de Comunidades Tradicionais e Diversidade do Abass\u00e1 Y\u00e1 Oy\u00e1 Ynguerecy. Com entrada franca e livre para todos os p\u00fablicos, o evento, organizado pela Mameto Ynguerecy Maria En\u00f3ia de Sousa Correa, segue at\u00e9 s\u00e1bado, 20, no Mercado Municipal de Juiz de Fora (Complexo Mascarenhas | Pra\u00e7a Ant\u00f4nio Carlos). Haver\u00e1 debates e apresenta\u00e7\u00f5es art\u00edsticas, com o objetivo de promover reflex\u00f5es, al\u00e9m de reconhecer, promover e divulgar a relev\u00e2ncia da cultura de matriz africana.<\/p>\n<p>Paralelamente, tamb\u00e9m no Mercado Municipal, acontece a 20\u00aa ExpoAfro, com vestimentas e artefatos que ilustram a diversidade religiosa existente no Brasil. A mostra permanecer\u00e1 em cartaz at\u00e9 o dia 29 de novembro.<\/p>\n<p>Realizado anualmente durante o M\u00eas da Consci\u00eancia Negra, o semin\u00e1rio abordar\u00e1, nesta edi\u00e7\u00e3o, temas sens\u00edveis para a popula\u00e7\u00e3o preta, como diversidade, racismo, toler\u00e2ncia religiosa, sa\u00fade e educa\u00e7\u00e3o.<\/p>\n<p><b>Programa\u00e7\u00e3o:<\/b><\/p>\n<p><b>Dia 19 \u2013 Sexta-feira<\/b><\/p>\n<p>9h \u2013 Credenciamento e caf\u00e9 da manh\u00e3 + apresenta\u00e7\u00e3o cultural<br \/>\n9h30 \u2013 Mesa 1: \u201cDiversidade\u201d, \u201cIntoler\u00e2ncia religiosa x Criminalidade hoje\u201d, \u201cEstado Laico e Laicidade\u201d.<br \/>\n11h30 \u2013 Mesa 2: \u201cMulher de Terreiro\u201d<br \/>\n12h30 \u2013 Apresenta\u00e7\u00e3o cultural<br \/>\n13h30 \u2013 Mesa: \u201cSa\u00fade da Popula\u00e7\u00e3o Negra x Fitoterapia ou Medicina Tradicional\u201d, \u201cEnsino religioso nas escolas\u201d, \u201cAplicidade da Lei 10.639\u201d<br \/>\n15h \u2013 Mesa 4- \u201cComunidade LGBTQIA+\u201d<\/p>\n<p><b>Dia 20<\/b><\/p>\n<p>9h- Caf\u00e9<br \/>\n10h \u2013 Mesa 1: Fenacab\/Sudeste &#8211; Federa\u00e7\u00e3o Nacional de Culto Afro-brasileiro da Regi\u00e3o Sudeste do Brasil + Confec\u00e7\u00e3o da carta documento, cobrando pol\u00edticas p\u00fablicas para as comunidades tradicionais e de terreiro em Minas Gerais.<\/p>\n","protected":false},"excerpt":{"rendered":"<p>Segundo informa\u00e7\u00f5es do site da Prefeitura de Juiz de Fora, ser\u00e1 aberto nesta sexta-feira, 19, \u00e0s 9h, o 18\u00ba Semin\u00e1rio de Comunidades Tradicionais e Diversidade do Abass\u00e1 Y\u00e1 Oy\u00e1 Ynguerecy. Com entrada franca e livre para todos os p\u00fablicos, o evento, organizado pela Mameto Ynguerecy Maria En\u00f3ia de Sousa Correa, segue at\u00e9 s\u00e1bado, 20, no [&hellip;]<\/p>\n","protected":false},"author":246,"featured_media":191241,"comment_status":"closed","ping_status":"closed","sticky":false,"template":"","format":"standard","meta":{"footnotes":""},"categories":[253,436],"tags":[],"class_list":["post-191240","post","type-post","status-publish","format-standard","has-post-thumbnail","hentry","category-cidade","category-destaque-da-semana"],"_links":{"self":[{"href":"https:\/\/diarioregionaldigital.com.br\/index.php?rest_route=\/wp\/v2\/posts\/191240","targetHints":{"allow":["GET"]}}],"collection":[{"href":"https:\/\/diarioregionaldigital.com.br\/index.php?rest_route=\/wp\/v2\/posts"}],"about":[{"href":"https:\/\/diarioregionaldigital.com.br\/index.php?rest_route=\/wp\/v2\/types\/post"}],"author":[{"embeddable":true,"href":"https:\/\/diarioregionaldigital.com.br\/index.php?rest_route=\/wp\/v2\/users\/246"}],"replies":[{"embeddable":true,"href":"https:\/\/diarioregionaldigital.com.br\/index.php?rest_route=%2Fwp%2Fv2%2Fcomments&post=191240"}],"version-history":[{"count":1,"href":"https:\/\/diarioregionaldigital.com.br\/index.php?rest_route=\/wp\/v2\/posts\/191240\/revisions"}],"predecessor-version":[{"id":191242,"href":"https:\/\/diarioregionaldigital.com.br\/index.php?rest_route=\/wp\/v2\/posts\/191240\/revisions\/191242"}],"wp:featuredmedia":[{"embeddable":true,"href":"https:\/\/diarioregionaldigital.com.br\/index.php?rest_route=\/wp\/v2\/media\/191241"}],"wp:attachment":[{"href":"https:\/\/diarioregionaldigital.com.br\/index.php?rest_route=%2Fwp%2Fv2%2Fmedia&parent=191240"}],"wp:term":[{"taxonomy":"category","embeddable":true,"href":"https:\/\/diarioregionaldigital.com.br\/index.php?rest_route=%2Fwp%2Fv2%2Fcategories&post=191240"},{"taxonomy":"post_tag","embeddable":true,"href":"https:\/\/diarioregionaldigital.com.br\/index.php?rest_route=%2Fwp%2Fv2%2Ftags&post=191240"}],"curies":[{"name":"wp","href":"https:\/\/api.w.org\/{rel}","templated":true}]}}