{"id":191222,"date":"2021-11-18T19:05:53","date_gmt":"2021-11-18T22:05:53","guid":{"rendered":"https:\/\/diarioregionaldigital.com.br\/?p=191222"},"modified":"2021-11-18T19:05:53","modified_gmt":"2021-11-18T22:05:53","slug":"camilla-gomes-avanca-a-semifinal-do-mundial-de-ginastica-de-trampolim","status":"publish","type":"post","link":"https:\/\/diarioregionaldigital.com.br\/?p=191222","title":{"rendered":"Camilla Gomes avan\u00e7a \u00e0 semifinal do Mundial de Gin\u00e1stica de Trampolim"},"content":{"rendered":"<p>A atleta Camilla Lopes Gomes se classificou \u00e0 semifinal do individual feminino no Campeonato Mundial de Gin\u00e1stica de Trampolim, nesta quinta-feira (18), primeiro dia de competi\u00e7\u00e3o em Baku (Azerbaij\u00e3o). A brasileira terminou na sexta coloca\u00e7\u00e3o na etapa qualificat\u00f3ria que classificou ao todo \u00a024 ginastas. A semi ocorrer\u00e1 na madrugada de\u00a0s\u00e1bado (20).<img decoding=\"async\" src=\"https:\/\/agenciabrasil.ebc.com.br\/ebc.png?id=1428148&amp;o=node\" \/><img decoding=\"async\" src=\"https:\/\/agenciabrasil.ebc.com.br\/ebc.gif?id=1428148&amp;o=node\" \/><\/p>\n<p>A ginasta\u00a0somou 102.340 pontos, ap\u00f3s duas apresenta\u00e7\u00f5es. A maior nota foi da russa Iana Lebedeva (104.785). A disputa feminina contou com ainda Ingrid Sim\u00e3o (29\u00aa posi\u00e7\u00e3o) e Alice Gomes (48\u00aa), que n\u00e3o avan\u00e7aram.<\/p>\n<p>Na qualificat\u00f3ria individual masculina n\u00e3o houve brasileiros entre os 24 classificados: Rafael Andrade ficou em 42\u00ba lugar, e Rayan Castro em 58\u00ba. Quem liderou a disputafoi o bielorrusso Ivan Litvinovich, campe\u00e3o ol\u00edmpico em T\u00f3quio 2020.<\/p>\n<div class=\"dnd-widget-wrapper context-cheio_8colunas type-image\">\n<div class=\"dnd-atom-rendered\">\n<p>Na madrugada desta sexta-feira (19) Camilla Gomes volta a competir, ao lado de Alice Gomes, na qualificat\u00f3rio do trampolim sincronizado feminino. A dupla j\u00e1 conquistou um bronze em fevereiro de 2019, na etapa da Copa do Mundo, tamb\u00e9m em Baku. No masculino, o Brasil ter\u00e1 Rafael Andrade junto com Rayan Castro.<\/p>\n<p>O principal\u00a0objetivo da delega\u00e7\u00e3o brasileira \u00e9 somar pontos no ciclo ol\u00edmpico de tr\u00eas anos para os Jogos de Paris. A \u00faltima participa\u00e7\u00e3o do pa\u00eds na competi\u00e7\u00e3o ocorrem na Rio 2016, com Rafael Andrade, gra\u00e7as \u00e0 vaga destinada ao pa\u00eds-sede.<\/p>\n<p><span style=\"font-weight: 400;\">Fonte: Ag\u00eancia Brasil <\/span><\/p>\n<\/div>\n<\/div>\n","protected":false},"excerpt":{"rendered":"<p>A atleta Camilla Lopes Gomes se classificou \u00e0 semifinal do individual feminino no Campeonato Mundial de Gin\u00e1stica de Trampolim, nesta quinta-feira (18), primeiro dia de competi\u00e7\u00e3o em Baku (Azerbaij\u00e3o). A brasileira terminou na sexta coloca\u00e7\u00e3o na etapa qualificat\u00f3ria que classificou ao todo \u00a024 ginastas. A semi ocorrer\u00e1 na madrugada de\u00a0s\u00e1bado (20). A ginasta\u00a0somou 102.340 pontos, [&hellip;]<\/p>\n","protected":false},"author":246,"featured_media":191223,"comment_status":"closed","ping_status":"closed","sticky":false,"template":"","format":"standard","meta":{"footnotes":""},"categories":[436,257],"tags":[],"class_list":["post-191222","post","type-post","status-publish","format-standard","has-post-thumbnail","hentry","category-destaque-da-semana","category-esporte"],"_links":{"self":[{"href":"https:\/\/diarioregionaldigital.com.br\/index.php?rest_route=\/wp\/v2\/posts\/191222","targetHints":{"allow":["GET"]}}],"collection":[{"href":"https:\/\/diarioregionaldigital.com.br\/index.php?rest_route=\/wp\/v2\/posts"}],"about":[{"href":"https:\/\/diarioregionaldigital.com.br\/index.php?rest_route=\/wp\/v2\/types\/post"}],"author":[{"embeddable":true,"href":"https:\/\/diarioregionaldigital.com.br\/index.php?rest_route=\/wp\/v2\/users\/246"}],"replies":[{"embeddable":true,"href":"https:\/\/diarioregionaldigital.com.br\/index.php?rest_route=%2Fwp%2Fv2%2Fcomments&post=191222"}],"version-history":[{"count":1,"href":"https:\/\/diarioregionaldigital.com.br\/index.php?rest_route=\/wp\/v2\/posts\/191222\/revisions"}],"predecessor-version":[{"id":191224,"href":"https:\/\/diarioregionaldigital.com.br\/index.php?rest_route=\/wp\/v2\/posts\/191222\/revisions\/191224"}],"wp:featuredmedia":[{"embeddable":true,"href":"https:\/\/diarioregionaldigital.com.br\/index.php?rest_route=\/wp\/v2\/media\/191223"}],"wp:attachment":[{"href":"https:\/\/diarioregionaldigital.com.br\/index.php?rest_route=%2Fwp%2Fv2%2Fmedia&parent=191222"}],"wp:term":[{"taxonomy":"category","embeddable":true,"href":"https:\/\/diarioregionaldigital.com.br\/index.php?rest_route=%2Fwp%2Fv2%2Fcategories&post=191222"},{"taxonomy":"post_tag","embeddable":true,"href":"https:\/\/diarioregionaldigital.com.br\/index.php?rest_route=%2Fwp%2Fv2%2Ftags&post=191222"}],"curies":[{"name":"wp","href":"https:\/\/api.w.org\/{rel}","templated":true}]}}