{"id":191219,"date":"2021-11-18T19:03:33","date_gmt":"2021-11-18T22:03:33","guid":{"rendered":"https:\/\/diarioregionaldigital.com.br\/?p=191219"},"modified":"2021-11-18T19:03:33","modified_gmt":"2021-11-18T22:03:33","slug":"terceiro-atleta-estrangeiro-em-pequim-tem-exame-positivo-de-covid-19","status":"publish","type":"post","link":"https:\/\/diarioregionaldigital.com.br\/?p=191219","title":{"rendered":"Terceiro atleta estrangeiro em Pequim tem exame positivo de covid-19"},"content":{"rendered":"<p>A China relatou nesta quinta-feira (18) um terceiro caso de covid-19 entre atletas estrangeiros em eventos preparat\u00f3rios da Olimp\u00edada de Inverno de 2022 de Pequim, que est\u00e1 sendo organizada com medidas r\u00edgidas para controlar qualquer surto.<img decoding=\"async\" src=\"https:\/\/agenciabrasil.ebc.com.br\/ebc.png?id=1428157&amp;o=node\" \/><img decoding=\"async\" src=\"https:\/\/agenciabrasil.ebc.com.br\/ebc.gif?id=1428157&amp;o=node\" \/><\/p>\n<p>Na ter\u00e7a-feira, um exame de covid-19 de rotina confirmou que um atleta estrangeiro que participa da Copa do Mundo de Luge em Pequim \u00e9 um caso assintom\u00e1tico, noticiou a m\u00eddia estatal.<\/p>\n<p>O atleta foi transferido a uma instala\u00e7\u00e3o de isolamento para ficar em observa\u00e7\u00e3o, disse a m\u00eddia estatal citando Zhao Weidong, autoridade da Olimp\u00edada de Inverno de 2022.<\/p>\n<p>O atleta \u00e9 um contato pr\u00f3ximo de um caso assintom\u00e1tico confirmado anteriormente, disse Zhao, sem revelar a identidade de nenhum deles.<\/p>\n<p>A Copa do Mundo de Luge serve como um evento de teste dos Jogos de 4 a 20 de fevereiro.<\/p>\n<p>No dia 12 de novembro, a China relatou que dois praticantes de luge da mesma nacionalidade tiveram exames positivos.<\/p>\n<p>O vice-prefeito de Pequim j\u00e1 havia dito que o coronav\u00edrus ser\u00e1 um dos maiores desafios dos Jogos.<\/p>\n<p>Um surto abrangente ligado aos Jogos prejudicaria a reputa\u00e7\u00e3o chinesa de conter focos rapidamente. O pa\u00eds decidiu manter uma abordagem de toler\u00e2ncia zero com a covid-19.<\/p>\n<p>Todos os participantes da Olimp\u00edada ser\u00e3o examinados diariamente, e espectadores estrangeiros est\u00e3o barrados.<\/p>\n<p><span style=\"font-weight: 400;\">Fonte: Ag\u00eancia Brasil <\/span><\/p>\n","protected":false},"excerpt":{"rendered":"<p>A China relatou nesta quinta-feira (18) um terceiro caso de covid-19 entre atletas estrangeiros em eventos preparat\u00f3rios da Olimp\u00edada de Inverno de 2022 de Pequim, que est\u00e1 sendo organizada com medidas r\u00edgidas para controlar qualquer surto. Na ter\u00e7a-feira, um exame de covid-19 de rotina confirmou que um atleta estrangeiro que participa da Copa do Mundo [&hellip;]<\/p>\n","protected":false},"author":246,"featured_media":191220,"comment_status":"closed","ping_status":"closed","sticky":false,"template":"","format":"standard","meta":{"footnotes":""},"categories":[436,440,257],"tags":[],"class_list":["post-191219","post","type-post","status-publish","format-standard","has-post-thumbnail","hentry","category-destaque-da-semana","category-destaques-do-dia","category-esporte"],"_links":{"self":[{"href":"https:\/\/diarioregionaldigital.com.br\/index.php?rest_route=\/wp\/v2\/posts\/191219","targetHints":{"allow":["GET"]}}],"collection":[{"href":"https:\/\/diarioregionaldigital.com.br\/index.php?rest_route=\/wp\/v2\/posts"}],"about":[{"href":"https:\/\/diarioregionaldigital.com.br\/index.php?rest_route=\/wp\/v2\/types\/post"}],"author":[{"embeddable":true,"href":"https:\/\/diarioregionaldigital.com.br\/index.php?rest_route=\/wp\/v2\/users\/246"}],"replies":[{"embeddable":true,"href":"https:\/\/diarioregionaldigital.com.br\/index.php?rest_route=%2Fwp%2Fv2%2Fcomments&post=191219"}],"version-history":[{"count":1,"href":"https:\/\/diarioregionaldigital.com.br\/index.php?rest_route=\/wp\/v2\/posts\/191219\/revisions"}],"predecessor-version":[{"id":191221,"href":"https:\/\/diarioregionaldigital.com.br\/index.php?rest_route=\/wp\/v2\/posts\/191219\/revisions\/191221"}],"wp:featuredmedia":[{"embeddable":true,"href":"https:\/\/diarioregionaldigital.com.br\/index.php?rest_route=\/wp\/v2\/media\/191220"}],"wp:attachment":[{"href":"https:\/\/diarioregionaldigital.com.br\/index.php?rest_route=%2Fwp%2Fv2%2Fmedia&parent=191219"}],"wp:term":[{"taxonomy":"category","embeddable":true,"href":"https:\/\/diarioregionaldigital.com.br\/index.php?rest_route=%2Fwp%2Fv2%2Fcategories&post=191219"},{"taxonomy":"post_tag","embeddable":true,"href":"https:\/\/diarioregionaldigital.com.br\/index.php?rest_route=%2Fwp%2Fv2%2Ftags&post=191219"}],"curies":[{"name":"wp","href":"https:\/\/api.w.org\/{rel}","templated":true}]}}