{"id":191208,"date":"2021-11-18T18:35:45","date_gmt":"2021-11-18T21:35:45","guid":{"rendered":"https:\/\/diarioregionaldigital.com.br\/?p=191208"},"modified":"2021-11-18T18:42:31","modified_gmt":"2021-11-18T21:42:31","slug":"vencedores-da-etapa-on-line-dos-jogos-escolares-de-minas-gerais-sao-premiados","status":"publish","type":"post","link":"https:\/\/diarioregionaldigital.com.br\/?p=191208","title":{"rendered":"Vencedores da etapa on-line dos Jogos Escolares de Minas Gerais s\u00e3o premiados"},"content":{"rendered":"<p>Os estudantes-atletas campe\u00f5es da segunda edi\u00e7\u00e3o do E-Jemg receberam medalha e trof\u00e9u nessa quarta-feira (17\/11), em cerim\u00f4nia na Cidade Administrativa, em Belo Horizonte. Acompanhados por familiares e pela diretoria das escolas que representam, eles\u00a0foram recebidos pela subsecret\u00e1ria de Desenvolvimento da Educa\u00e7\u00e3o B\u00e1sica, Izabella Cavalcante Martins, e pelo subsecret\u00e1rio de Esportes, Jos\u00e9 Francisco Filho, o Pel\u00e9 do V\u00f4lei.<\/p>\n<p>O E-Jemg \u00e9 a etapa eletr\u00f4nica dos Jogos Escolares de Minas Gerais (Jemg), promovida\u00a0pela\u00a0<a href=\"http:\/\/social.mg.gov.br\/\" target=\"_blank\" rel=\"noopener\">Secretaria de Estado de Desenvolvimento Social (Sedese)<\/a>, em parceria com a\u00a0<a href=\"https:\/\/www2.educacao.mg.gov.br\/\" target=\"_blank\" rel=\"noopener\">Secretaria de Estado de Educa\u00e7\u00e3o (SEE\/MG)<\/a>. As atividades\u00a0presenciais da competi\u00e7\u00e3o foram suspensas nos \u00faltimos dois anos em fun\u00e7\u00e3o da pandemia de covid-19. Os jogos s\u00e3o destinados a estudantes de 12 a 17 anos, de escolas p\u00fablicas e particulares do estado.<\/p>\n<p>Com objetivo de promover o desenvolvimento cognitivo e o aperfei\u00e7oamento humano por meio das pr\u00e1ticas esportivas, a competi\u00e7\u00e3o estimula o v\u00ednculo do aluno e da fam\u00edlia com a escola e contribui para a diminui\u00e7\u00e3o da evas\u00e3o escolar.<\/p>\n<p><strong>Amplia\u00e7\u00e3o<\/strong><\/p>\n<p>O desafio de inovar no modelo das competi\u00e7\u00f5es mantendo a forma\u00e7\u00e3o e a intera\u00e7\u00e3o entre os estudantes teve resultado positivo. Em 2021, os jogos eletr\u00f4nicos passaram de tr\u00eas para cinco modalidades: Fifa 2020, 8 Ball Pool (sinuca), Mario Kart Tour, Xadrez e NBA 2K20, nas categorias feminino, masculino e misto. A ades\u00e3o tamb\u00e9m aumentou, saltando de cerca de 450 participa\u00e7\u00f5es, em 2020, para aproximadamente 750 em 2021.<\/p>\n<p>Segundo os subsecret\u00e1rios, no pr\u00f3ximo ano, as competi\u00e7\u00f5es eletr\u00f4nicas devem ser mantidas de forma concomitante \u00e0s presenciais, ap\u00f3s o fim do isolamento.<\/p>\n<p><strong>Atletas<\/strong><\/p>\n<p>Mateus Rocha Silva, da Escola Estadual Odilon Behrens, de Guanh\u00e3es, foi campe\u00e3o de sinuca. Ele conta que n\u00e3o dominava o jogo e precisou pesquisar na internet para aprender os principais passos para as partidas on-line. \u201cProcurava me concentrar antes dos jogos. Treinei com colegas e conheci muita gente de outras escolas. Estou muito feliz, n\u00e3o esperava ganhar, mas fui vencendo meus oponentes e hoje sou campe\u00e3o\u201d, relata.<\/p>\n<p>Rita Soares Mendes, diretora da Escola Estadual Professora Herm\u00ednia Pereira de Almeida, de Ataleia, comemora\u00a0o bicampeonato de Pedro Lucas Macedo Amaral no Fifa 2020. \u201cO esporte auxilia no desenvolvimento do aluno como um todo e \u00e9 fundamental em cidades pequenas como a nossa, em que faltam op\u00e7\u00f5es de lazer. Sempre participamos do Jemg. Os alunos ficam motivados e isso influencia no desempenho escolar. A vit\u00f3ria do Pedro no on-line ano passado foi uma euforia e mais estudantes quiseram participar este ano. Estamos muito orgulhosos\u201d, diz.<\/p>\n<p><a href=\"https:\/\/www.agenciaminas.mg.gov.br\/ckeditor_assets\/attachments\/12575\/jemg.docx\">Clique aqui<\/a>\u00a0para conferir\u00a0vencedores,\u00a0escolas e alunos participantes.<\/p>\n<p><span style=\"font-weight: 400;\"><br \/>\n<\/span><span style=\"font-weight: 400;\">Fonte: Ag\u00eancia Minas<\/span><\/p>\n","protected":false},"excerpt":{"rendered":"<p>Os estudantes-atletas campe\u00f5es da segunda edi\u00e7\u00e3o do E-Jemg receberam medalha e trof\u00e9u nessa quarta-feira (17\/11), em cerim\u00f4nia na Cidade Administrativa, em Belo Horizonte. Acompanhados por familiares e pela diretoria das escolas que representam, eles\u00a0foram recebidos pela subsecret\u00e1ria de Desenvolvimento da Educa\u00e7\u00e3o B\u00e1sica, Izabella Cavalcante Martins, e pelo subsecret\u00e1rio de Esportes, Jos\u00e9 Francisco Filho, o Pel\u00e9 [&hellip;]<\/p>\n","protected":false},"author":246,"featured_media":191209,"comment_status":"closed","ping_status":"closed","sticky":false,"template":"","format":"standard","meta":{"footnotes":""},"categories":[436,254,252],"tags":[],"class_list":["post-191208","post","type-post","status-publish","format-standard","has-post-thumbnail","hentry","category-destaque-da-semana","category-politica","category-regiao"],"_links":{"self":[{"href":"https:\/\/diarioregionaldigital.com.br\/index.php?rest_route=\/wp\/v2\/posts\/191208","targetHints":{"allow":["GET"]}}],"collection":[{"href":"https:\/\/diarioregionaldigital.com.br\/index.php?rest_route=\/wp\/v2\/posts"}],"about":[{"href":"https:\/\/diarioregionaldigital.com.br\/index.php?rest_route=\/wp\/v2\/types\/post"}],"author":[{"embeddable":true,"href":"https:\/\/diarioregionaldigital.com.br\/index.php?rest_route=\/wp\/v2\/users\/246"}],"replies":[{"embeddable":true,"href":"https:\/\/diarioregionaldigital.com.br\/index.php?rest_route=%2Fwp%2Fv2%2Fcomments&post=191208"}],"version-history":[{"count":2,"href":"https:\/\/diarioregionaldigital.com.br\/index.php?rest_route=\/wp\/v2\/posts\/191208\/revisions"}],"predecessor-version":[{"id":191211,"href":"https:\/\/diarioregionaldigital.com.br\/index.php?rest_route=\/wp\/v2\/posts\/191208\/revisions\/191211"}],"wp:featuredmedia":[{"embeddable":true,"href":"https:\/\/diarioregionaldigital.com.br\/index.php?rest_route=\/wp\/v2\/media\/191209"}],"wp:attachment":[{"href":"https:\/\/diarioregionaldigital.com.br\/index.php?rest_route=%2Fwp%2Fv2%2Fmedia&parent=191208"}],"wp:term":[{"taxonomy":"category","embeddable":true,"href":"https:\/\/diarioregionaldigital.com.br\/index.php?rest_route=%2Fwp%2Fv2%2Fcategories&post=191208"},{"taxonomy":"post_tag","embeddable":true,"href":"https:\/\/diarioregionaldigital.com.br\/index.php?rest_route=%2Fwp%2Fv2%2Ftags&post=191208"}],"curies":[{"name":"wp","href":"https:\/\/api.w.org\/{rel}","templated":true}]}}