{"id":191205,"date":"2021-11-18T18:33:19","date_gmt":"2021-11-18T21:33:19","guid":{"rendered":"https:\/\/diarioregionaldigital.com.br\/?p=191205"},"modified":"2021-11-18T18:47:44","modified_gmt":"2021-11-18T21:47:44","slug":"parceria-fortalece-a-agricultura-familiar-e-a-alimentacao-escolar-em-minas-gerais","status":"publish","type":"post","link":"https:\/\/diarioregionaldigital.com.br\/?p=191205","title":{"rendered":"Parceria fortalece a agricultura familiar e a alimenta\u00e7\u00e3o escolar em Minas Gerais"},"content":{"rendered":"<p>A<a href=\"https:\/\/www.emater.mg.gov.br\/\" target=\"_blank\" rel=\"noopener\">\u00a0Empresa de Assist\u00eancia T\u00e9cnica e Extens\u00e3o Rural do Estado de Minas Gerais (Emater-MG)<\/a>\u00a0e a\u00a0<a href=\"https:\/\/www2.educacao.mg.gov.br\/\" target=\"_blank\" rel=\"noopener\">Secretaria de Estado de Educa\u00e7\u00e3o de Minas Gerais (SEE\/MG)<\/a>\u00a0celebraram contrato\u00a0para\u00a0aprimorar e ampliar a oferta de alimentos da agricultura familiar junto \u00e0\u00a0rede\u00a0estadual de\u00a0ensino.<\/p>\n<div>\n<p>O acordo vai fortalecer as a\u00e7\u00f5es do Programa Nacional de Alimenta\u00e7\u00e3o Escolar (PNAE), que estabelece que\u00a0pelo menos\u00a030% dos recursos repassados\u00a0a\u00a0estados e munic\u00edpios pelo Fundo Nacional de Desenvolvimento da Educa\u00e7\u00e3o (FNDE) para a alimenta\u00e7\u00e3o escolar\u00a0sejam\u00a0utilizados na compra de alimentos produzidos pela agricultura familiar.<\/p>\n<\/div>\n<div>\n<p>O contrato entre a Emater-MG e a SEE\/MG, que tem vig\u00eancia de um ano com possibilidade de ser prorrogado em at\u00e9 60 meses, se d\u00e1 em diversas frentes. Uma delas \u00e9 orientar a compra dos produtos pelas escolas, j\u00e1 que a\u00a0empresa de extens\u00e3o rural\u00a0ir\u00e1 elaborar diagn\u00f3sticos semestrais, por munic\u00edpio, contendo\u00a0a rela\u00e7\u00e3o de\u00a0produtos dispon\u00edveis de interesse da alimenta\u00e7\u00e3o escolar, os quantitativos e\u00a0a\u00a0\u00e9poca de produ\u00e7\u00e3o. Os diagn\u00f3sticos ser\u00e3o fornecidos \u00e0s escolas estaduais e \u00e0s Superintend\u00eancias Regionais de Ensino (SREs).<\/p>\n<\/div>\n<div>\n<p>A Emater-MG tamb\u00e9m\u00a0far\u00e1\u00a0semin\u00e1rios virtuais, envolvendo as SREs e os agricultores familiares, com objetivo de divulgar o PNAE e apresentar diagn\u00f3sticos da produ\u00e7\u00e3o. \u201cEsses mapas da oferta da produ\u00e7\u00e3o agropecu\u00e1ria e\u00a0da\u00a0agroind\u00fastria\u00a0v\u00e3o subsidiar o\u00a0planejamento das\u00a0compras, casando a oferta e a demanda, para que as escolas consigam adquirir os alimentos saud\u00e1veis da agricultura familiar em todo o estado\u201d, explica o presidente da Emater-MG, Ot\u00e1vio Maia.<\/p>\n<\/div>\n<div>\n<p><strong>Assist\u00eancia t\u00e9cnica<\/strong><\/p>\n<\/div>\n<div>\n<p>O contrato tamb\u00e9m estabelece a execu\u00e7\u00e3o do servi\u00e7o de assist\u00eancia t\u00e9cnica prestado pela Emater-MG aos produtores. Os extensionistas da empresa far\u00e3o visitas \u00e0s propriedades rurais para orientar os agricultores familiares sobre produ\u00e7\u00e3o sustent\u00e1vel, custos, cr\u00e9dito rural, atendimento \u00e0 legisla\u00e7\u00e3o ambiental e outros temas.<\/p>\n<p>Os t\u00e9cnicos tamb\u00e9m capacitar\u00e3o os agricultores no preparo de documentos para habilita\u00e7\u00e3o \u00e0 participa\u00e7\u00e3o em chamadas p\u00fablicas do PNAE, em projetos de venda e na diversifica\u00e7\u00e3o da oferta de alimentos.<\/p>\n<\/div>\n<div>\n<p>\u201cSer\u00e3o atendidos 15 mil agricultores familiares, com assist\u00eancia t\u00e9cnica da Emater-MG, que estar\u00e3o aptos a comercializar junto \u00e0 rede estadual de ensino, por meio dos editais do programa. Com isso, vamos n\u00e3o s\u00f3 cumprir o m\u00ednimo de 30% estabelecido pelo FNDE, como vamos progressivamente aumentar\u00a0as\u00a0vendas\u00a0desses, desenvolvendo um papel social para esse setor que tanto emprego e renda gera em Minas Gerais\u201d, afirma Ot\u00e1vio Maia.<\/p>\n<\/div>\n<div>\n<p>Segundo o\u00a0subsecret\u00e1rio de Administra\u00e7\u00e3o da SEE\/MG, Silas Fagundes de Carvalho,\u00a0a\u00a0maior dificuldade encontrada \u00e9 conseguir produtores capacitados e habilitados para participar\u00a0das\u00a0chamadas p\u00fablicas relacionadas ao PNAE.\u00a0\u201cO contrato com a Emater-MG\u00a0possibilitar\u00e1\u00a0aumento de produtos e produtores habilitados, al\u00e9m de fazer uma interlocu\u00e7\u00e3o entre\u00a0as\u00a0escolas e\u00a0os\u00a0produtores, por meio de palestras e capacita\u00e7\u00f5es\u201d,\u00a0explica.<\/p>\n<\/div>\n<div>\n<p><strong>Agroind\u00fastrias<\/strong><\/p>\n<\/div>\n<div>\n<p>Outro item previsto no contrato \u00e9 o desenvolvimento de a\u00e7\u00f5es\u00a0para\u00a0a regulariza\u00e7\u00e3o sanit\u00e1ria de agroind\u00fastrias familiares para fornecimento de alimentos processados \u00e0s escolas p\u00fablicas. Ser\u00e3o identificados 128 estabelecimentos que apresentem maior potencial de ado\u00e7\u00e3o aos par\u00e2metros estabelecidos pelo PNAE, de acordo com a legisla\u00e7\u00e3o vigente.<\/p>\n<p>A Emater-MG vai promover capacita\u00e7\u00f5es em processamento de alimentos, boas pr\u00e1ticas de fabrica\u00e7\u00e3o e em habilita\u00e7\u00e3o sanit\u00e1ria.\u00a0Ser\u00e1 dada prioridade aos empreendimentos que j\u00e1 estejam em processo de regulariza\u00e7\u00e3o sanit\u00e1ria e ligados a cooperativas, em munic\u00edpios que estejam com \u00edndices abaixo do estabelecido de\u00a0compra\u00a0de alimentos da agricultura familiar.<\/p>\n<p>A parceria entre Emater-MG e SEE\/MG\u00a0tamb\u00e9m vai\u00a0colocar em pr\u00e1tica o projeto Educa\u00e7\u00e3o Alimentar nas Escolas, para\u00a0proporcionar aos alunos e \u00e0 comunidade escolar experi\u00eancias que apresentem a diversidade local de alimentos e receitas tradicionais que incentivem o combate ao desperd\u00edcio e\u00a0o\u00a0aproveitamento dos\u00a0ingredientes.<\/p>\n<\/div>\n<div>\n<p>A primeira atividade do projeto ser\u00e1 a identifica\u00e7\u00e3o e\u00a0a\u00a0sele\u00e7\u00e3o de cem escolas com possibilidade de implementa\u00e7\u00e3o ou\u00a0melhoria de hortas e\u00a0pomares, com alimentos t\u00edpicos da regi\u00e3o, que ser\u00e3o produzidos dentro dos princ\u00edpios da agricultura de base ecol\u00f3gica.<\/p>\n<p><span style=\"font-weight: 400;\">Fonte: Ag\u00eancia Minas\u00a0<\/span><\/p>\n<\/div>\n","protected":false},"excerpt":{"rendered":"<p>A\u00a0Empresa de Assist\u00eancia T\u00e9cnica e Extens\u00e3o Rural do Estado de Minas Gerais (Emater-MG)\u00a0e a\u00a0Secretaria de Estado de Educa\u00e7\u00e3o de Minas Gerais (SEE\/MG)\u00a0celebraram contrato\u00a0para\u00a0aprimorar e ampliar a oferta de alimentos da agricultura familiar junto \u00e0\u00a0rede\u00a0estadual de\u00a0ensino. O acordo vai fortalecer as a\u00e7\u00f5es do Programa Nacional de Alimenta\u00e7\u00e3o Escolar (PNAE), que estabelece que\u00a0pelo menos\u00a030% dos recursos repassados\u00a0a\u00a0estados [&hellip;]<\/p>\n","protected":false},"author":246,"featured_media":191206,"comment_status":"closed","ping_status":"closed","sticky":false,"template":"","format":"standard","meta":{"footnotes":""},"categories":[436,254,439],"tags":[],"class_list":["post-191205","post","type-post","status-publish","format-standard","has-post-thumbnail","hentry","category-destaque-da-semana","category-politica","category-ultima-hora"],"_links":{"self":[{"href":"https:\/\/diarioregionaldigital.com.br\/index.php?rest_route=\/wp\/v2\/posts\/191205","targetHints":{"allow":["GET"]}}],"collection":[{"href":"https:\/\/diarioregionaldigital.com.br\/index.php?rest_route=\/wp\/v2\/posts"}],"about":[{"href":"https:\/\/diarioregionaldigital.com.br\/index.php?rest_route=\/wp\/v2\/types\/post"}],"author":[{"embeddable":true,"href":"https:\/\/diarioregionaldigital.com.br\/index.php?rest_route=\/wp\/v2\/users\/246"}],"replies":[{"embeddable":true,"href":"https:\/\/diarioregionaldigital.com.br\/index.php?rest_route=%2Fwp%2Fv2%2Fcomments&post=191205"}],"version-history":[{"count":2,"href":"https:\/\/diarioregionaldigital.com.br\/index.php?rest_route=\/wp\/v2\/posts\/191205\/revisions"}],"predecessor-version":[{"id":191215,"href":"https:\/\/diarioregionaldigital.com.br\/index.php?rest_route=\/wp\/v2\/posts\/191205\/revisions\/191215"}],"wp:featuredmedia":[{"embeddable":true,"href":"https:\/\/diarioregionaldigital.com.br\/index.php?rest_route=\/wp\/v2\/media\/191206"}],"wp:attachment":[{"href":"https:\/\/diarioregionaldigital.com.br\/index.php?rest_route=%2Fwp%2Fv2%2Fmedia&parent=191205"}],"wp:term":[{"taxonomy":"category","embeddable":true,"href":"https:\/\/diarioregionaldigital.com.br\/index.php?rest_route=%2Fwp%2Fv2%2Fcategories&post=191205"},{"taxonomy":"post_tag","embeddable":true,"href":"https:\/\/diarioregionaldigital.com.br\/index.php?rest_route=%2Fwp%2Fv2%2Ftags&post=191205"}],"curies":[{"name":"wp","href":"https:\/\/api.w.org\/{rel}","templated":true}]}}