{"id":191023,"date":"2021-11-12T19:57:30","date_gmt":"2021-11-12T22:57:30","guid":{"rendered":"https:\/\/diarioregionaldigital.com.br\/?p=191023"},"modified":"2021-11-12T19:57:30","modified_gmt":"2021-11-12T22:57:30","slug":"alisson-comemora-50a-partida-pela-selecao-brasileira-e-sonha-com-mais","status":"publish","type":"post","link":"https:\/\/diarioregionaldigital.com.br\/?p=191023","title":{"rendered":"Alisson comemora 50\u00aa partida pela sele\u00e7\u00e3o brasileira e sonha com mais"},"content":{"rendered":"<p>Tornar-se a primeira sele\u00e7\u00e3o sul-americana a se classificar para a Copa do Mundo do Catar dar\u00e1 ao Brasil tempo para se preparar, mas n\u00e3o mudar\u00e1 a maneira como a aborda as partidas entre agora e a estreia no Mundial em novembro de 2022, disse o goleiro Alisson.<\/p>\n<p>O jogador do Liverpool completou sua 50\u00aa partida com a camisa do Brasil na vit\u00f3ria de 1 a 0 sobre a Col\u00f4mbia em S\u00e3o Paulo, um jogo que manteve o time invicto nas eliminat\u00f3rias.<\/p>\n<p>&#8220;\u00c9 muito gratificante, o primeiro objetivo que t\u00ednhamos [era a classifica\u00e7\u00e3o]&#8221;, disse Alisson. &#8220;Tivemos uma grande campanha e nos classificamos antes do tempo, e para mim foi muito especial conseguir na minha 50\u00aa partida&#8221;. &#8220;O que muda \u00e9 que estamos classificados, mas todo jogo ser\u00e1 da mesma maneira, no esp\u00edrito da Copa do Mundo&#8221;, acrescentou. &#8220;\u00c9 s\u00f3 uma etapa. Quanto mais cedo voc\u00ea se classifica, melhor, isso permite ao t\u00e9cnico preparar melhor, dar uma chance a todos. Mas n\u00e3o mudaremos o que fazemos. O pr\u00f3ximo jogo \u00e9 sempre o mais importante&#8221;.<\/p>\n<p>A pr\u00f3xima partida do Brasil ter\u00e1 um significado especial por ser um cl\u00e1ssico sul-americano contra a Argentina, sele\u00e7\u00e3o que derrotou o Brasil no Rio em julho para conquistar a Copa Am\u00e9rica.<\/p>\n<p>&#8220;Enfrentar a Argentina \u00e9 sempre importante e especial&#8221;, disse o goleiro.<\/p>\n<p><span style=\"font-weight: 400;\">Fonte: Ag\u00eancia Brasil\u00a0<\/span><span style=\"font-weight: 400;\"><br \/>\n<\/span><\/p>\n","protected":false},"excerpt":{"rendered":"<p>Tornar-se a primeira sele\u00e7\u00e3o sul-americana a se classificar para a Copa do Mundo do Catar dar\u00e1 ao Brasil tempo para se preparar, mas n\u00e3o mudar\u00e1 a maneira como a aborda as partidas entre agora e a estreia no Mundial em novembro de 2022, disse o goleiro Alisson. O jogador do Liverpool completou sua 50\u00aa partida [&hellip;]<\/p>\n","protected":false},"author":246,"featured_media":191024,"comment_status":"closed","ping_status":"closed","sticky":false,"template":"","format":"standard","meta":{"footnotes":""},"categories":[436,257],"tags":[],"class_list":["post-191023","post","type-post","status-publish","format-standard","has-post-thumbnail","hentry","category-destaque-da-semana","category-esporte"],"_links":{"self":[{"href":"https:\/\/diarioregionaldigital.com.br\/index.php?rest_route=\/wp\/v2\/posts\/191023","targetHints":{"allow":["GET"]}}],"collection":[{"href":"https:\/\/diarioregionaldigital.com.br\/index.php?rest_route=\/wp\/v2\/posts"}],"about":[{"href":"https:\/\/diarioregionaldigital.com.br\/index.php?rest_route=\/wp\/v2\/types\/post"}],"author":[{"embeddable":true,"href":"https:\/\/diarioregionaldigital.com.br\/index.php?rest_route=\/wp\/v2\/users\/246"}],"replies":[{"embeddable":true,"href":"https:\/\/diarioregionaldigital.com.br\/index.php?rest_route=%2Fwp%2Fv2%2Fcomments&post=191023"}],"version-history":[{"count":1,"href":"https:\/\/diarioregionaldigital.com.br\/index.php?rest_route=\/wp\/v2\/posts\/191023\/revisions"}],"predecessor-version":[{"id":191025,"href":"https:\/\/diarioregionaldigital.com.br\/index.php?rest_route=\/wp\/v2\/posts\/191023\/revisions\/191025"}],"wp:featuredmedia":[{"embeddable":true,"href":"https:\/\/diarioregionaldigital.com.br\/index.php?rest_route=\/wp\/v2\/media\/191024"}],"wp:attachment":[{"href":"https:\/\/diarioregionaldigital.com.br\/index.php?rest_route=%2Fwp%2Fv2%2Fmedia&parent=191023"}],"wp:term":[{"taxonomy":"category","embeddable":true,"href":"https:\/\/diarioregionaldigital.com.br\/index.php?rest_route=%2Fwp%2Fv2%2Fcategories&post=191023"},{"taxonomy":"post_tag","embeddable":true,"href":"https:\/\/diarioregionaldigital.com.br\/index.php?rest_route=%2Fwp%2Fv2%2Ftags&post=191023"}],"curies":[{"name":"wp","href":"https:\/\/api.w.org\/{rel}","templated":true}]}}