{"id":191019,"date":"2021-11-12T19:56:04","date_gmt":"2021-11-12T22:56:04","guid":{"rendered":"https:\/\/diarioregionaldigital.com.br\/?p=191019"},"modified":"2021-11-12T19:56:04","modified_gmt":"2021-11-12T22:56:04","slug":"china-tem-primeiros-casos-de-covid-19-entre-atletas-estrangeiros","status":"publish","type":"post","link":"https:\/\/diarioregionaldigital.com.br\/?p=191019","title":{"rendered":"China tem primeiros casos de covid-19 entre atletas estrangeiros"},"content":{"rendered":"<p>A China informou nesta sexta-feira (12) os primeiros casos de covid-19 entre atletas estrangeiros em eventos preparat\u00f3rios para os pr\u00f3ximos Jogos de Inverno de Pequim 2022.<\/p>\n<p>Dois competidores do luge (modalidade ol\u00edmpica de inverno) da mesma nacionalidade apresentaram resultados positivos, disse Huang Chun, do comit\u00ea organizador dos Jogos. Ambos foram transferidos para hot\u00e9is de quarentena, disse ele em uma coletiva de imprensa na capital chinesa.<\/p>\n<p>O vice-prefeito de Pequim disse anteriormente que o coronav\u00edrus seria um dos maiores desafios para a realiza\u00e7\u00e3o dos Jogos na cidade.<\/p>\n<p>Um surto generalizado relacionado aos Jogos prejudicaria o hist\u00f3rico da China de conter casos rapidamente, tendo optado por manter uma abordagem de toler\u00e2ncia zero em rela\u00e7\u00e3o \u00e0 covid-19.<\/p>\n<p>Os Jogos decorrer\u00e3o de 4 a 20 de fevereiro, com todos os participantes sujeitos a testes di\u00e1rios da covid-19, e sem espectadores internacionais. Atletas e demais credenciados nos Jogos ter\u00e3o de viver em uma bolha de &#8220;circuito fechado&#8221;.<\/p>\n<p>&#8220;Ainda vamos deixar a pessoa participar dos treinamentos e atividades relacionadas aos Jogos, mas (o indiv\u00edduo) precisa passar por um rigoroso monitoramento sanit\u00e1rio e testes de covid-19 todos os dias&#8221;, disse Huang, referindo-se ao primeiro atleta que teve teste positivo.<\/p>\n<p>O indiv\u00edduo tamb\u00e9m vai ficar em seu quarto, comer e andar em ve\u00edculos sozinho, disse Huang aos rep\u00f3rteres.<\/p>\n<p>O segundo caso foi um contato pr\u00f3ximo do primeiro atleta, disse ele, sem dar detalhes sobre sua nacionalidade.<\/p>\n<p><span style=\"font-weight: 400;\">Fonte: Ag\u00eancia Brasil <\/span><\/p>\n","protected":false},"excerpt":{"rendered":"<p>A China informou nesta sexta-feira (12) os primeiros casos de covid-19 entre atletas estrangeiros em eventos preparat\u00f3rios para os pr\u00f3ximos Jogos de Inverno de Pequim 2022. Dois competidores do luge (modalidade ol\u00edmpica de inverno) da mesma nacionalidade apresentaram resultados positivos, disse Huang Chun, do comit\u00ea organizador dos Jogos. Ambos foram transferidos para hot\u00e9is de quarentena, [&hellip;]<\/p>\n","protected":false},"author":246,"featured_media":191020,"comment_status":"closed","ping_status":"closed","sticky":false,"template":"","format":"standard","meta":{"footnotes":""},"categories":[436,257],"tags":[],"class_list":["post-191019","post","type-post","status-publish","format-standard","has-post-thumbnail","hentry","category-destaque-da-semana","category-esporte"],"_links":{"self":[{"href":"https:\/\/diarioregionaldigital.com.br\/index.php?rest_route=\/wp\/v2\/posts\/191019","targetHints":{"allow":["GET"]}}],"collection":[{"href":"https:\/\/diarioregionaldigital.com.br\/index.php?rest_route=\/wp\/v2\/posts"}],"about":[{"href":"https:\/\/diarioregionaldigital.com.br\/index.php?rest_route=\/wp\/v2\/types\/post"}],"author":[{"embeddable":true,"href":"https:\/\/diarioregionaldigital.com.br\/index.php?rest_route=\/wp\/v2\/users\/246"}],"replies":[{"embeddable":true,"href":"https:\/\/diarioregionaldigital.com.br\/index.php?rest_route=%2Fwp%2Fv2%2Fcomments&post=191019"}],"version-history":[{"count":2,"href":"https:\/\/diarioregionaldigital.com.br\/index.php?rest_route=\/wp\/v2\/posts\/191019\/revisions"}],"predecessor-version":[{"id":191022,"href":"https:\/\/diarioregionaldigital.com.br\/index.php?rest_route=\/wp\/v2\/posts\/191019\/revisions\/191022"}],"wp:featuredmedia":[{"embeddable":true,"href":"https:\/\/diarioregionaldigital.com.br\/index.php?rest_route=\/wp\/v2\/media\/191020"}],"wp:attachment":[{"href":"https:\/\/diarioregionaldigital.com.br\/index.php?rest_route=%2Fwp%2Fv2%2Fmedia&parent=191019"}],"wp:term":[{"taxonomy":"category","embeddable":true,"href":"https:\/\/diarioregionaldigital.com.br\/index.php?rest_route=%2Fwp%2Fv2%2Fcategories&post=191019"},{"taxonomy":"post_tag","embeddable":true,"href":"https:\/\/diarioregionaldigital.com.br\/index.php?rest_route=%2Fwp%2Fv2%2Ftags&post=191019"}],"curies":[{"name":"wp","href":"https:\/\/api.w.org\/{rel}","templated":true}]}}