{"id":191016,"date":"2021-11-12T19:54:27","date_gmt":"2021-11-12T22:54:27","guid":{"rendered":"https:\/\/diarioregionaldigital.com.br\/?p=191016"},"modified":"2021-11-12T19:54:27","modified_gmt":"2021-11-12T22:54:27","slug":"eliminatorias-edenilson-e-convocado-para-a-selecao-brasileira","status":"publish","type":"post","link":"https:\/\/diarioregionaldigital.com.br\/?p=191016","title":{"rendered":"Eliminat\u00f3rias: Eden\u00edlson \u00e9 convocado para a sele\u00e7\u00e3o brasileira"},"content":{"rendered":"<p>O volante Eden\u00edlson, do Internacional, foi convocado nesta sexta-feira (12) para o \u00faltimo jogo da sele\u00e7\u00e3o brasileira no ano de 2021, contra a Argentina, na pr\u00f3xima ter\u00e7a-feira (16) em San Juan, pelas Eliminat\u00f3rias para a Copa do Mundo de 2022 (Catar).<img decoding=\"async\" src=\"https:\/\/agenciabrasil.ebc.com.br\/ebc.png?id=1427453&amp;o=node\" \/><img decoding=\"async\" src=\"https:\/\/agenciabrasil.ebc.com.br\/ebc.gif?id=1427453&amp;o=node\" \/><\/p>\n<p>O meio-campista foi convocado para substituir Casemiro, que foi suspenso por ac\u00famulo de cart\u00f5es amarelos. A \u00faltima puni\u00e7\u00e3o do jogador do Real Madrid (Espanha) foi recebida na \u00faltima quinta-feira (11), durante a vit\u00f3ria de 1 a 0 do Brasil sobre a Col\u00f4mbia em S\u00e3o Paulo. Com este resultado a sele\u00e7\u00e3o carimbou a vaga para o pr\u00f3ximo Mundial.<\/p>\n<p>A equipe comandada pelo t\u00e9cnico Tite realiza mais tr\u00eas treinos em S\u00e3o Paulo, no Centro do Treinamento do Palmeiras, na Barra Funda. J\u00e1 na pr\u00f3xima segunda-feira (15) viaja para San Juan, local do \u00faltimo jogo do ano contra a Argentina.<\/p>\n<p><span style=\"font-weight: 400;\"><br \/>\n<\/span><span style=\"font-weight: 400;\">Fonte: Ag\u00eancia Brasil <\/span><\/p>\n","protected":false},"excerpt":{"rendered":"<p>O volante Eden\u00edlson, do Internacional, foi convocado nesta sexta-feira (12) para o \u00faltimo jogo da sele\u00e7\u00e3o brasileira no ano de 2021, contra a Argentina, na pr\u00f3xima ter\u00e7a-feira (16) em San Juan, pelas Eliminat\u00f3rias para a Copa do Mundo de 2022 (Catar). O meio-campista foi convocado para substituir Casemiro, que foi suspenso por ac\u00famulo de cart\u00f5es [&hellip;]<\/p>\n","protected":false},"author":246,"featured_media":191017,"comment_status":"closed","ping_status":"closed","sticky":false,"template":"","format":"standard","meta":{"footnotes":""},"categories":[436,257],"tags":[],"class_list":["post-191016","post","type-post","status-publish","format-standard","has-post-thumbnail","hentry","category-destaque-da-semana","category-esporte"],"_links":{"self":[{"href":"https:\/\/diarioregionaldigital.com.br\/index.php?rest_route=\/wp\/v2\/posts\/191016","targetHints":{"allow":["GET"]}}],"collection":[{"href":"https:\/\/diarioregionaldigital.com.br\/index.php?rest_route=\/wp\/v2\/posts"}],"about":[{"href":"https:\/\/diarioregionaldigital.com.br\/index.php?rest_route=\/wp\/v2\/types\/post"}],"author":[{"embeddable":true,"href":"https:\/\/diarioregionaldigital.com.br\/index.php?rest_route=\/wp\/v2\/users\/246"}],"replies":[{"embeddable":true,"href":"https:\/\/diarioregionaldigital.com.br\/index.php?rest_route=%2Fwp%2Fv2%2Fcomments&post=191016"}],"version-history":[{"count":1,"href":"https:\/\/diarioregionaldigital.com.br\/index.php?rest_route=\/wp\/v2\/posts\/191016\/revisions"}],"predecessor-version":[{"id":191018,"href":"https:\/\/diarioregionaldigital.com.br\/index.php?rest_route=\/wp\/v2\/posts\/191016\/revisions\/191018"}],"wp:featuredmedia":[{"embeddable":true,"href":"https:\/\/diarioregionaldigital.com.br\/index.php?rest_route=\/wp\/v2\/media\/191017"}],"wp:attachment":[{"href":"https:\/\/diarioregionaldigital.com.br\/index.php?rest_route=%2Fwp%2Fv2%2Fmedia&parent=191016"}],"wp:term":[{"taxonomy":"category","embeddable":true,"href":"https:\/\/diarioregionaldigital.com.br\/index.php?rest_route=%2Fwp%2Fv2%2Fcategories&post=191016"},{"taxonomy":"post_tag","embeddable":true,"href":"https:\/\/diarioregionaldigital.com.br\/index.php?rest_route=%2Fwp%2Fv2%2Ftags&post=191016"}],"curies":[{"name":"wp","href":"https:\/\/api.w.org\/{rel}","templated":true}]}}