{"id":191013,"date":"2021-11-12T19:52:40","date_gmt":"2021-11-12T22:52:40","guid":{"rendered":"https:\/\/diarioregionaldigital.com.br\/?p=191013"},"modified":"2021-11-12T19:52:40","modified_gmt":"2021-11-12T22:52:40","slug":"formula-1-hamilton-larga-na-frente-na-prova-classificatoria-de-sabado","status":"publish","type":"post","link":"https:\/\/diarioregionaldigital.com.br\/?p=191013","title":{"rendered":"F\u00f3rmula 1: Hamilton larga na frente na prova classificat\u00f3ria de s\u00e1bado"},"content":{"rendered":"<p>Lewis Hamilton aproveitou ao m\u00e1ximo um novo motor para bater o l\u00edder da F\u00f3rmula 1, Max Verstappen, com a volta mais r\u00e1pida na qualifica\u00e7\u00e3o para a corrida classificat\u00f3ria que decidir\u00e1 o grid do Grande Pr\u00eamio de S\u00e3o Paulo, que acontece no domingo.<img decoding=\"async\" src=\"https:\/\/agenciabrasil.ebc.com.br\/ebc.png?id=1427465&amp;o=node\" \/><img decoding=\"async\" src=\"https:\/\/agenciabrasil.ebc.com.br\/ebc.gif?id=1427465&amp;o=node\" \/><\/p>\n<p>Hamilton foi dominante em todas as tr\u00eas etapas da sess\u00e3o de sexta-feira (12) no circuito de Interlagos, com o piloto da Mercedes registrando um melhor tempo de 1min7s934.<\/p>\n<p>O holand\u00eas Verstappen, da Red Bull, foi o segundo, 0,438s mais lento, uma margem consider\u00e1vel em uma das voltas mais curtas do calend\u00e1rio.<\/p>\n<p>\u201cVamos l\u00e1\u201d, exclamou Hamilton no r\u00e1dio da equipe.<\/p>\n<p>O brit\u00e2nico ter\u00e1 de cumprir uma penalidade de cinco posi\u00e7\u00f5es no grid para a corrida principal de domingo, como resultado de sua mudan\u00e7a de motor, mas pode levar tr\u00eas pontos se vencer no s\u00e1bado, com os tr\u00eas primeiros marcando em um sistema de 3-2-1.<\/p>\n<p>A corrida classificat\u00f3ria de 100 km \u00e9 a \u00faltima de tr\u00eas em formato experimental nesta temporada, com as outras duas tendo ocorrido em Monza e Silverstone. Prev\u00ea-se que pelo menos seis sejam agendadas para 2022.<\/p>\n<p>Valtteri Bottas, da Mercedes, foi o terceiro mais r\u00e1pido, com Sergio Perez, da Red Bull, ao lado na segunda fila.<\/p>\n<p>\u201cLewis estava inalcan\u00e7\u00e1vel hoje\u201d, comentou Perez.<\/p>\n<p>Pierre Gasly, da AlphaTauri, come\u00e7a em quinto lugar, \u00e0 frente das duas Ferraris, de Carlos Sainz e Charles Leclerc, e das duas McLarens, de Lando Norris e Daniel Ricciardo.<\/p>\n<p>Fernando Alonso qualificou-se em 10\u00ba com a Alpine.<\/p>\n<p><span style=\"font-weight: 400;\">Fonte: Ag\u00eancia Brasil <\/span><\/p>\n","protected":false},"excerpt":{"rendered":"<p>Lewis Hamilton aproveitou ao m\u00e1ximo um novo motor para bater o l\u00edder da F\u00f3rmula 1, Max Verstappen, com a volta mais r\u00e1pida na qualifica\u00e7\u00e3o para a corrida classificat\u00f3ria que decidir\u00e1 o grid do Grande Pr\u00eamio de S\u00e3o Paulo, que acontece no domingo. Hamilton foi dominante em todas as tr\u00eas etapas da sess\u00e3o de sexta-feira (12) [&hellip;]<\/p>\n","protected":false},"author":246,"featured_media":191014,"comment_status":"closed","ping_status":"closed","sticky":false,"template":"","format":"standard","meta":{"footnotes":""},"categories":[436,440,257,439],"tags":[],"class_list":["post-191013","post","type-post","status-publish","format-standard","has-post-thumbnail","hentry","category-destaque-da-semana","category-destaques-do-dia","category-esporte","category-ultima-hora"],"_links":{"self":[{"href":"https:\/\/diarioregionaldigital.com.br\/index.php?rest_route=\/wp\/v2\/posts\/191013","targetHints":{"allow":["GET"]}}],"collection":[{"href":"https:\/\/diarioregionaldigital.com.br\/index.php?rest_route=\/wp\/v2\/posts"}],"about":[{"href":"https:\/\/diarioregionaldigital.com.br\/index.php?rest_route=\/wp\/v2\/types\/post"}],"author":[{"embeddable":true,"href":"https:\/\/diarioregionaldigital.com.br\/index.php?rest_route=\/wp\/v2\/users\/246"}],"replies":[{"embeddable":true,"href":"https:\/\/diarioregionaldigital.com.br\/index.php?rest_route=%2Fwp%2Fv2%2Fcomments&post=191013"}],"version-history":[{"count":1,"href":"https:\/\/diarioregionaldigital.com.br\/index.php?rest_route=\/wp\/v2\/posts\/191013\/revisions"}],"predecessor-version":[{"id":191015,"href":"https:\/\/diarioregionaldigital.com.br\/index.php?rest_route=\/wp\/v2\/posts\/191013\/revisions\/191015"}],"wp:featuredmedia":[{"embeddable":true,"href":"https:\/\/diarioregionaldigital.com.br\/index.php?rest_route=\/wp\/v2\/media\/191014"}],"wp:attachment":[{"href":"https:\/\/diarioregionaldigital.com.br\/index.php?rest_route=%2Fwp%2Fv2%2Fmedia&parent=191013"}],"wp:term":[{"taxonomy":"category","embeddable":true,"href":"https:\/\/diarioregionaldigital.com.br\/index.php?rest_route=%2Fwp%2Fv2%2Fcategories&post=191013"},{"taxonomy":"post_tag","embeddable":true,"href":"https:\/\/diarioregionaldigital.com.br\/index.php?rest_route=%2Fwp%2Fv2%2Ftags&post=191013"}],"curies":[{"name":"wp","href":"https:\/\/api.w.org\/{rel}","templated":true}]}}